{"id":10518,"date":"2024-12-10T21:42:13","date_gmt":"2024-12-10T20:42:13","guid":{"rendered":"https:\/\/pasaenmendoza.com\/?p=10518"},"modified":"2024-12-10T21:42:14","modified_gmt":"2024-12-10T20:42:14","slug":"la-busqueda-del-nino-aurelio-el-autor-del-ultimo-asesinato-perpetrado-en-mendoza","status":"publish","type":"post","link":"https:\/\/pasaenmendoza.com\/?p=10518","title":{"rendered":"La b\u00fasqueda del \u201cNi\u00f1o Aurelio\u201d, el autor del \u00faltimo asesinato perpetrado en Mendoza"},"content":{"rendered":"\n<p>La novedad ingres\u00f3 al 911 a las 22.15 del domingo.\u00a0<strong>El llamante asegur\u00f3 que hab\u00eda una persona herida de arma de fuego en el interior de una casa de la manzana S del barrio Patr\u00f3n Santiago\u00a0<\/strong>del distrito Capilla del Rosario, en Guaymall\u00e9n, y solicitaba una ambulancia. Cuando llegaron los primeros polic\u00edas a la escena, la v\u00edctima,\u00a0<strong>Alexander Fabi\u00e1n Sandande<\/strong>\u00a0(34), ya se encontraba con su madre y otros vecinos.\u00a0<mark>Les hab\u00eda contado lo sucedido momentos antes y qui\u00e9n hab\u00eda sido el agresor. \u00a0<\/mark><\/p>\n\n\n\n<p>El hombre nacido el 12 de enero de 1990 presentaba\u00a0<strong>dos balazos en su cuerpo<\/strong>: uno en el gemelo de la pierna derecha y otro en la regi\u00f3n derecha de la costilla. Su estado revest\u00eda gravedad. Hab\u00eda perdido mucha sangre y por eso los m\u00e9dicos del interno 141 del Servicio de Emergencias Coordinado (SEC) decidieron su traslado inmediato al Hospital Central de Ciudad.<\/p>\n\n\n\n<p>Cinco horas despu\u00e9s, a las 3 de la madrugada del lunes, los profesionales de la salud&nbsp;<strong>confirmaron el deceso de Sandande<\/strong>. La causa comenz\u00f3 a ser trabajada como un asesinato y polic\u00edas de la Divisi\u00f3n Homicidios, de Cient\u00edfica y de la UID departamental realizaron las primeras medidas en el teatro del hecho con b\u00fasqueda de diferentes pruebas y la recepci\u00f3n de declaraciones.<\/p>\n\n\n\n<p>Los investigadores, liderados por el fiscal de Homicidios y Violencia Institucional\u00a0<strong>Gustavo Pirrello<\/strong>, quer\u00edan saber qui\u00e9n hab\u00eda sido el asesino. Y lo identificaron r\u00e1pidamente: antes de morir,<strong>\u00a0Sandande aport\u00f3 su identidad, alias y hasta el domicilio<\/strong>. Los polic\u00edas fueron a buscarlo a su vivienda pero no lo encontraron. Este martes continuaba con pedido de captura.<\/p>\n\n\n\n<p>De acuerdo con la informaci\u00f3n a la que accedi\u00f3&nbsp;<em><strong>El Sol,<\/strong><\/em>&nbsp;el autor del ataque fue identificado con el alias de&nbsp;<em>\u201cNi\u00f1o Aurelio\u201d,&nbsp;<\/em>un reconocido delincuente de la zona. Los pesquisas consiguieron todos sus datos personales y analizaron sus relaciones familiares (algunos parientes han pisado varias veces una comisar\u00eda) e iniciaron la etapa de rastrillaje para intentar ubicarlo y ponerlo a disposici\u00f3n del Ministerio P\u00fablico.<\/p>\n\n\n\n<p><strong>De ser capturado, ser\u00e1 imputado por homicidio agravado por el uso de arma de fuego.<\/strong><\/p>\n\n\n\n<p>La reconstrucci\u00f3n del hecho de sangre sostiene que Sandande ten\u00eda domicilio en la barriada donde lo acribillaron, pero en la manzana R. Caminaba para dirigirse a su hogar cuando fue abordado por un sujeto que se movilizaba en moto.&nbsp;<em>\u201cTe regalaste\u201d,&nbsp;<\/em>le dijo el malviviente y comenz\u00f3 a perseguirlo con el rodado, detallaron los testigos. &nbsp;<\/p>\n\n\n\n<p>En un momento, sac\u00f3 un arma de fuego tipo pistola y comenz\u00f3 a disparar. Lo hizo, al menos, tres veces (esa cantidad de vainas se hallaron en la escena, posiblemente calibre 22). Dos plomos dieron en diferentes partes del cuerpo de Sandande.<\/p>\n\n\n\n<p>La v\u00edctima corri\u00f3 y se refugi\u00f3 en la casa de un vecino, pidi\u00e9ndole ayuda para intentar salvar su vida en ese momento.<\/p>\n\n\n\n<p>La madre del hombre baleado tuvo contacto con su hijo y recibi\u00f3 informaci\u00f3n de importancia para el avance de la instrucci\u00f3n.\u00a0<mark>Sandande tambi\u00e9n habl\u00f3 con los polic\u00edas y les relat\u00f3 que hab\u00eda sido el<em>\u00a0\u201cNi\u00f1o Aurelio\u201d<\/em>,\u00a0<\/mark>con quien ten\u00eda viejas broncas en el sector, quien lo hab\u00eda atacado con la clara intenci\u00f3n de terminar con su vida. \u00a0<\/p>\n\n\n\n<p><strong>Fuente: www.elsol.com.ar<\/strong><\/p>\n","protected":false},"excerpt":{"rendered":"<p>La novedad ingres\u00f3 al 911 a las 22.15 del domingo.\u00a0El llamante asegur\u00f3 que hab\u00eda una persona herida de arma de fuego en el interior de una casa de la manzana S del barrio Patr\u00f3n Santiago\u00a0del distrito Capilla del Rosario, en Guaymall\u00e9n, y solicitaba una ambulancia. Cuando llegaron los primeros polic\u00edas a la escena, la v\u00edctima,\u00a0Alexander [&hellip;]<\/p>\n","protected":false},"author":2,"featured_media":10519,"comment_status":"open","ping_status":"open","sticky":false,"template":"","format":"standard","meta":[],"categories":[48],"tags":[],"_links":{"self":[{"href":"https:\/\/pasaenmendoza.com\/index.php?rest_route=\/wp\/v2\/posts\/10518"}],"collection":[{"href":"https:\/\/pasaenmendoza.com\/index.php?rest_route=\/wp\/v2\/posts"}],"about":[{"href":"https:\/\/pasaenmendoza.com\/index.php?rest_route=\/wp\/v2\/types\/post"}],"author":[{"embeddable":true,"href":"https:\/\/pasaenmendoza.com\/index.php?rest_route=\/wp\/v2\/users\/2"}],"replies":[{"embeddable":true,"href":"https:\/\/pasaenmendoza.com\/index.php?rest_route=%2Fwp%2Fv2%2Fcomments&post=10518"}],"version-history":[{"count":1,"href":"https:\/\/pasaenmendoza.com\/index.php?rest_route=\/wp\/v2\/posts\/10518\/revisions"}],"predecessor-version":[{"id":10520,"href":"https:\/\/pasaenmendoza.com\/index.php?rest_route=\/wp\/v2\/posts\/10518\/revisions\/10520"}],"wp:featuredmedia":[{"embeddable":true,"href":"https:\/\/pasaenmendoza.com\/index.php?rest_route=\/wp\/v2\/media\/10519"}],"wp:attachment":[{"href":"https:\/\/pasaenmendoza.com\/index.php?rest_route=%2Fwp%2Fv2%2Fmedia&parent=10518"}],"wp:term":[{"taxonomy":"category","embeddable":true,"href":"https:\/\/pasaenmendoza.com\/index.php?rest_route=%2Fwp%2Fv2%2Fcategories&post=10518"},{"taxonomy":"post_tag","embeddable":true,"href":"https:\/\/pasaenmendoza.com\/index.php?rest_route=%2Fwp%2Fv2%2Ftags&post=10518"}],"curies":[{"name":"wp","href":"https:\/\/api.w.org\/{rel}","templated":true}]}}