{"id":1052,"date":"2023-08-30T15:10:47","date_gmt":"2023-08-30T13:10:47","guid":{"rendered":"https:\/\/pasaenmendoza.com\/?p=1052"},"modified":"2023-08-30T15:10:48","modified_gmt":"2023-08-30T13:10:48","slug":"la-letra-chica-de-los-60-000-que-pagara-suarez-por-unica-vez-al-83-de-los-empleados-estatales","status":"publish","type":"post","link":"https:\/\/pasaenmendoza.com\/?p=1052","title":{"rendered":"La letra chica de los $60.000 que pagar\u00e1 Suarez por \u00fanica vez al 83% de los empleados estatales"},"content":{"rendered":"\n<p><strong>La suma fija<\/strong>\u00a0de $60.000 que el Gobierno de Rodolfo Suarez pagar\u00e1\u00a0<strong>por \u00fanica vez a los empleados estatales el 14 de septiembre\u00a0no ser\u00e1 a cuenta de futuros aumentos<\/strong>\u00a0que puedan pactarse en las paritarias y\u00a0<strong>alcanzar\u00e1 al 83%<\/strong>\u00a0de la planta de empleados p\u00fablicos.<\/p>\n\n\n\n<p>Eso se desprende del&nbsp;<strong>decreto&nbsp;<\/strong>que ya comenz\u00f3 a firmarse en Casa de Gobierno y que podr\u00eda publicarse en las pr\u00f3ximas horas en el&nbsp;<strong>Bolet\u00edn Oficial<\/strong>. Por lo que trascendi\u00f3, el formato de pago de esta suma fija que dar\u00e1 el Gobierno&nbsp;<strong>tiene un formato independiente de lo que pagar\u00e1 la Naci\u00f3n<\/strong>.<\/p>\n\n\n\n<p>A diferencia de lo que decidi\u00f3 el Gobierno nacional, que repartir\u00e1 los dos bonos de $30.000 proporcionalmente seg\u00fan los salarios de los empleados p\u00fablicos,&nbsp;<strong>en la provincia esa suma fija de $60.000 no ser\u00e1 proporcional<\/strong>. Es decir que&nbsp;<strong>percibir\u00e1 la misma suma el que cobre $200.000 como el que perciba de bolsillo $399.000.<\/strong><\/p>\n\n\n\n<p><strong>Y el que supere los $400.000 de bolsillo o puntualmente tenga un bruto de m\u00e1s de $484.780 autom\u00e1ticamente quedar\u00e1 fuera del beneficio.<\/strong><\/p>\n\n\n\n<p>&#8220;Es&nbsp;<strong>imposible que se lo considere como una suma a cuenta de futuros aumentos<\/strong>&nbsp;porque es una suma fija y no un porcentaje. Al tratarse de una suma, cuando se les otorgue un aumento a los estatales, habr\u00eda que hacer un barrido puntual de uno por uno de esos&nbsp;<strong>80.000 empleados<\/strong>&nbsp;para corroborar cu\u00e1nto es lo que le corresponder\u00eda restar, por eso no se va a contemplar&#8221;, confirmaron desde calle Peltier.<\/p>\n\n\n\n<p><strong>Habr\u00e1 unos 17.000 estatales de Mendoza que no percibir\u00e1n el beneficio<\/strong><\/p>\n\n\n\n<p>Seg\u00fan los datos oficiales, de los 97.389 empleados estatales de la n\u00f3mina actual,&nbsp;<strong>cobrar\u00e1n el beneficio 80.585 estatales. Es decir que habr\u00e1 unos 17.000 estatales que no lo percibir\u00e1n.<\/strong><\/p>\n\n\n\n<p>En el \u00fanico caso en el que&nbsp;<strong>s\u00ed ser\u00e1 proporcional ser\u00e1 para los empleados que cumplan horas c\u00e1tedras<\/strong>. Para esos casos el recorte se fijar\u00e1 en quienes trabajen m\u00e1s de 18 horas c\u00e1tedras. Aquellos que trabajen m\u00e1s de 18 horas c\u00e1tedras cobrar\u00e1n los $60.000 completos, y quienes trabajen menos&nbsp;<strong>percibir\u00e1n un proporcional&nbsp;<\/strong>a las horas que est\u00e9n empleados.<\/p>\n\n\n\n<p>Este jueves los estatales cobran un 14% de aumento<\/p>\n\n\n\n<p>Seg\u00fan la informaci\u00f3n oficial, este<strong>&nbsp;jueves 31 de agosto los agentes estatales de Mendoza cobrar\u00e1n sus haberes con 14% adicional,<\/strong>&nbsp;que fue lo que se pact\u00f3 en el acuerdo&nbsp;<strong>paritario&nbsp;<\/strong>al que se arrib\u00f3 con los representantes sindicales de todos los gremios.<\/p>\n\n\n\n<p>En esos acuerdos se pact\u00f3 un aumento escalonado para los trabajadores de la Administraci\u00f3n P\u00fablica estuvo marcado con los siguientes porcentajes: junio:&nbsp;<strong>10,5 %, julio: 8 %, agosto: 14 %, setiembre: 8 %, octubre: 8 %<\/strong>.<\/p>\n\n\n\n<p>Es importante tambi\u00e9n hacer hincapi\u00e9 en que la actual propuesta implica una variaci\u00f3n,\u00a0<strong>para el per\u00edodo enero-octubre 2023, superior a 90%<\/strong>, considerando los incrementos sectoriales acordados a comienzos de a\u00f1o y quedando a\u00fan pendientes los incrementos de noviembre y diciembre del a\u00f1o en curso.<\/p>\n\n\n\n<h2 class=\"wp-block-heading\">Esperan a los datos de inflaci\u00f3n de agosto para reordenar las paritarias<\/h2>\n\n\n\n<p>&#8220;En Mendoza planificamos las medidas y tratamos de ser serios, pero ante el anuncio de Naci\u00f3n,<strong>&nbsp;no nos queda otra que reaccionar<\/strong>&#8220;, asumi\u00f3 el ministro de Hacienda,&nbsp;<strong>V\u00edctor Fayad<\/strong>, cuando anunci\u00f3 que Mendoza pagar\u00e1 la suma fija en una sola cuota el 14 de septiembre pr\u00f3ximo.<\/p>\n\n\n\n<p>&#8220;Una vez m\u00e1s las provincias, las pymes y los empleadores&nbsp;<strong>tenemos que hacernos cargo de los desmanejos del Gobierno nacional<\/strong>. Era anunciado que&nbsp;<strong>una devaluaci\u00f3n sin un plan<\/strong>&nbsp;nos iba a llevar casi a un aumento inmediato en cuesti\u00f3n de precios&#8221;, analiz\u00f3 sobre la devaluaci\u00f3n y el incremento de la inflaci\u00f3n post elecciones PASO.<\/p>\n\n\n\n<p>Respecto a la reapertura de paritarias, el funcionario detall\u00f3 que &#8220;venimos en conversaciones con los gremios desde marzo. En junio los convocamos de nuevo y acordamos que en octubre habr\u00e1 una nueva ronda de negociaciones&#8221;.<\/p>\n\n\n\n<p>Mientras tanto, &#8220;respecto de la&nbsp;<strong>suma fija<\/strong>&nbsp;anunciada por el Gobierno nacional, que tiene impacto no s\u00f3lo en el sector p\u00fablico sino tambi\u00e9n en el sector privado, la decisi\u00f3n nuestra por pedido del gobernador es&nbsp;<strong>hacer frente al pago de la suma fija en una sola cuota el 14 de septiembre<\/strong>&#8220;.<\/p>\n\n\n\n<p>&#8220;Y\u00a0<strong>quedamos a la espera del dato de la inflaci\u00f3n de agosto y los datos de recaudaci\u00f3n y actividad para rever el cronograma de paritarias<\/strong>\u00a0previsto para octubre&#8221;, dijo Fayad.<\/p>\n\n\n\n<p><strong>Fuente: www.diariouno.com.ar<\/strong><\/p>\n","protected":false},"excerpt":{"rendered":"<p>La suma fija\u00a0de $60.000 que el Gobierno de Rodolfo Suarez pagar\u00e1\u00a0por \u00fanica vez a los empleados estatales el 14 de septiembre\u00a0no ser\u00e1 a cuenta de futuros aumentos\u00a0que puedan pactarse en las paritarias y\u00a0alcanzar\u00e1 al 83%\u00a0de la planta de empleados p\u00fablicos. Eso se desprende del&nbsp;decreto&nbsp;que ya comenz\u00f3 a firmarse en Casa de Gobierno y que podr\u00eda [&hellip;]<\/p>\n","protected":false},"author":2,"featured_media":1054,"comment_status":"open","ping_status":"open","sticky":false,"template":"","format":"standard","meta":[],"categories":[49],"tags":[],"_links":{"self":[{"href":"https:\/\/pasaenmendoza.com\/index.php?rest_route=\/wp\/v2\/posts\/1052"}],"collection":[{"href":"https:\/\/pasaenmendoza.com\/index.php?rest_route=\/wp\/v2\/posts"}],"about":[{"href":"https:\/\/pasaenmendoza.com\/index.php?rest_route=\/wp\/v2\/types\/post"}],"author":[{"embeddable":true,"href":"https:\/\/pasaenmendoza.com\/index.php?rest_route=\/wp\/v2\/users\/2"}],"replies":[{"embeddable":true,"href":"https:\/\/pasaenmendoza.com\/index.php?rest_route=%2Fwp%2Fv2%2Fcomments&post=1052"}],"version-history":[{"count":1,"href":"https:\/\/pasaenmendoza.com\/index.php?rest_route=\/wp\/v2\/posts\/1052\/revisions"}],"predecessor-version":[{"id":1055,"href":"https:\/\/pasaenmendoza.com\/index.php?rest_route=\/wp\/v2\/posts\/1052\/revisions\/1055"}],"wp:featuredmedia":[{"embeddable":true,"href":"https:\/\/pasaenmendoza.com\/index.php?rest_route=\/wp\/v2\/media\/1054"}],"wp:attachment":[{"href":"https:\/\/pasaenmendoza.com\/index.php?rest_route=%2Fwp%2Fv2%2Fmedia&parent=1052"}],"wp:term":[{"taxonomy":"category","embeddable":true,"href":"https:\/\/pasaenmendoza.com\/index.php?rest_route=%2Fwp%2Fv2%2Fcategories&post=1052"},{"taxonomy":"post_tag","embeddable":true,"href":"https:\/\/pasaenmendoza.com\/index.php?rest_route=%2Fwp%2Fv2%2Ftags&post=1052"}],"curies":[{"name":"wp","href":"https:\/\/api.w.org\/{rel}","templated":true}]}}