{"id":10521,"date":"2024-12-10T21:48:48","date_gmt":"2024-12-10T20:48:48","guid":{"rendered":"https:\/\/pasaenmendoza.com\/?p=10521"},"modified":"2024-12-10T21:48:49","modified_gmt":"2024-12-10T20:48:49","slug":"el-senado-dio-media-sancion-al-proyecto-de-ficha-limpia-para-docentes-y-personal-educativo-en-mendoza","status":"publish","type":"post","link":"https:\/\/pasaenmendoza.com\/?p=10521","title":{"rendered":"El Senado dio media sanci\u00f3n al proyecto de ficha limpia para docentes y personal educativo en Mendoza"},"content":{"rendered":"\n<p>Durante la sesi\u00f3n de este martes fue aprobado por unanimidad el proyecto de ley impulsado por el Poder Ejecutivo que busca implementar un sistema de\u00a0<strong>ficha limpia<\/strong>\u00a0en el\u00a0<strong>\u00e1mbito educativo<\/strong>.<\/p>\n\n\n\n<p>Esta iniciativa tiene como objetivo principal fortalecer la protecci\u00f3n de ni\u00f1as, ni\u00f1os y adolescentes en las instituciones escolares mediante la prohibici\u00f3n del ingreso o permanencia de&nbsp;<strong>personas con antecedentes penales<\/strong>&nbsp;relacionados con delitos graves.<\/p>\n\n\n\n<p>Ahora el proyecto ser\u00e1 analizado por la&nbsp;<strong>C\u00e1mara de Diputados<\/strong>, aunque se da por sentado que recibir\u00e1 otro aval.<\/p>\n\n\n\n<h2 class=\"wp-block-heading\">El trasfondo del debate<\/h2>\n\n\n\n<p>La presidenta de la comisi\u00f3n de Educaci\u00f3n del Senado,&nbsp;<strong>Mariana Zlobec<\/strong>, explic\u00f3 que el proyecto proh\u00edbe que personas con&nbsp;<strong>antecedentes penales&nbsp;<\/strong>por delitos graves, como los cometidos contra la integridad sexual, la libertad, la identidad o la malversaci\u00f3n de fondos p\u00fablicos, puedan ocupar cargos como docentes, celadores o personal administrativo.<\/p>\n\n\n\n<p>Adem\u00e1s, se busca garantizar que las instituciones educativas sean espacios seguros mediante la creaci\u00f3n de&nbsp;<strong>un registro de inhabilitaciones<\/strong>&nbsp;que estar\u00e1 bajo la gesti\u00f3n de la&nbsp;<strong>Direcci\u00f3n General de Escuelas (DGE)<\/strong>.<\/p>\n\n\n\n<p>Luego, el senador&nbsp;<strong>Mart\u00edn Rostand<\/strong>, de La Uni\u00f3n Mendocina, manifest\u00f3 el acompa\u00f1amiento de su bloque al proyecto, aunque se\u00f1al\u00f3 la importancia de salvaguardar el principio de&nbsp;<strong>presunci\u00f3n de inocencia<\/strong>, expresando reservas sobre posibles conflictos en este sentido.<\/p>\n\n\n\n<p>Desde el bloque justicialista, la senadora\u00a0<strong>Adriana Cano (PJ)<\/strong>\u00a0tambi\u00e9n expres\u00f3 su apoyo al proyecto, resaltando la necesidad de atender una problem\u00e1tica recurrente en las escuelas p\u00fablicas y privadas de la provincia. No obstante, consider\u00f3 necesario perfeccionar algunos aspectos para evitar futuras\u00a0<strong>judicializaciones<\/strong>.<\/p>\n\n\n\n<p>El debate cerr\u00f3 con la intervenci\u00f3n de la senadora&nbsp;<strong>Natacha Eisenchlas<\/strong>, quien sostuvo que las posibles interpretaciones err\u00f3neas o efectos no deseados han sido contemplados en la redacci\u00f3n final y solicit\u00f3 al presidente del Senado avanzar con la votaci\u00f3n.<\/p>\n\n\n\n<p>La propuesta -que fue presentada en Comisiones por el ministro de Educaci\u00f3n, Infancia, Cultura y Direcci\u00f3n General de Escuelas (DGE),&nbsp;<strong>Tadeo Garc\u00eda Zalazar<\/strong>&#8211; recibi\u00f3 en consecuencia media sanci\u00f3n y pas\u00f3 a la C\u00e1mara Baja.<\/p>\n\n\n\n<h2 class=\"wp-block-heading\">La ficha limpia docente y sus implicancias<\/h2>\n\n\n\n<p>Seg\u00fan explic\u00f3 Garc\u00eda Zalazar, esta iniciativa se inspira en el concepto de\u00a0<strong>ficha limpia<\/strong>, ya vigente en el sistema electoral provincial y adoptado recientemente por otras jurisdicciones como la provincia de Salta. El proyecto no solo contempla la creaci\u00f3n de un\u00a0<strong>registro p\u00fablico de antecedentes penales<\/strong>, sino que tambi\u00e9n introduce modificaciones en los procedimientos de selecci\u00f3n para garantizar que cada candidato sea evaluado rigurosamente antes de ingresar al sistema educativo.<\/p>\n\n\n\n<p>La propuesta incluye medidas espec\u00edficas para las&nbsp;<strong>escuelas de gesti\u00f3n privada<\/strong>, oblig\u00e1ndolas a adherirse a estas normativas, y establece sanciones m\u00e1s severas para quienes incurran en este tipo de delitos, como la inhabilitaci\u00f3n permanente. Estas disposiciones buscan&nbsp;<strong>uniformar los est\u00e1ndares de protecci\u00f3n<\/strong>&nbsp;en todo el sistema educativo de Mendoza.<\/p>\n\n\n\n<p>En el marco del proyecto, se introduce un&nbsp;<strong>registro \u00fanico de sumarios, sanciones e inhabilitaciones<\/strong>. Este registro ser\u00e1 utilizado como herramienta de consulta obligatoria para los concursos de cargos en instituciones educativas, particularmente en los casos de suplencias que, seg\u00fan el Ministro, son los que hist\u00f3ricamente han presentado mayores inconvenientes.<\/p>\n\n\n\n<p>Adem\u00e1s, la iniciativa estipula que para ingresar al sistema educativo ser\u00e1 indispensable\u00a0<strong>presentar un certificado de antecedentes penales<\/strong>. Esto incluye a docentes, celadores y personal administrativo, asegurando que quienes accedan a estos cargos no posean antecedentes penales por delitos contra la integridad sexual, la libertad o la identidad.<\/p>\n\n\n\n<p><strong>Fuente: www.diariouno.com.ar<\/strong><\/p>\n","protected":false},"excerpt":{"rendered":"<p>Durante la sesi\u00f3n de este martes fue aprobado por unanimidad el proyecto de ley impulsado por el Poder Ejecutivo que busca implementar un sistema de\u00a0ficha limpia\u00a0en el\u00a0\u00e1mbito educativo. Esta iniciativa tiene como objetivo principal fortalecer la protecci\u00f3n de ni\u00f1as, ni\u00f1os y adolescentes en las instituciones escolares mediante la prohibici\u00f3n del ingreso o permanencia de&nbsp;personas con [&hellip;]<\/p>\n","protected":false},"author":2,"featured_media":10522,"comment_status":"open","ping_status":"open","sticky":false,"template":"","format":"standard","meta":[],"categories":[47],"tags":[],"_links":{"self":[{"href":"https:\/\/pasaenmendoza.com\/index.php?rest_route=\/wp\/v2\/posts\/10521"}],"collection":[{"href":"https:\/\/pasaenmendoza.com\/index.php?rest_route=\/wp\/v2\/posts"}],"about":[{"href":"https:\/\/pasaenmendoza.com\/index.php?rest_route=\/wp\/v2\/types\/post"}],"author":[{"embeddable":true,"href":"https:\/\/pasaenmendoza.com\/index.php?rest_route=\/wp\/v2\/users\/2"}],"replies":[{"embeddable":true,"href":"https:\/\/pasaenmendoza.com\/index.php?rest_route=%2Fwp%2Fv2%2Fcomments&post=10521"}],"version-history":[{"count":1,"href":"https:\/\/pasaenmendoza.com\/index.php?rest_route=\/wp\/v2\/posts\/10521\/revisions"}],"predecessor-version":[{"id":10523,"href":"https:\/\/pasaenmendoza.com\/index.php?rest_route=\/wp\/v2\/posts\/10521\/revisions\/10523"}],"wp:featuredmedia":[{"embeddable":true,"href":"https:\/\/pasaenmendoza.com\/index.php?rest_route=\/wp\/v2\/media\/10522"}],"wp:attachment":[{"href":"https:\/\/pasaenmendoza.com\/index.php?rest_route=%2Fwp%2Fv2%2Fmedia&parent=10521"}],"wp:term":[{"taxonomy":"category","embeddable":true,"href":"https:\/\/pasaenmendoza.com\/index.php?rest_route=%2Fwp%2Fv2%2Fcategories&post=10521"},{"taxonomy":"post_tag","embeddable":true,"href":"https:\/\/pasaenmendoza.com\/index.php?rest_route=%2Fwp%2Fv2%2Ftags&post=10521"}],"curies":[{"name":"wp","href":"https:\/\/api.w.org\/{rel}","templated":true}]}}