{"id":10524,"date":"2024-12-10T21:56:33","date_gmt":"2024-12-10T20:56:33","guid":{"rendered":"https:\/\/pasaenmendoza.com\/?p=10524"},"modified":"2024-12-10T21:56:34","modified_gmt":"2024-12-10T20:56:34","slug":"la-ex-afip-mendoza-se-achico-y-cerrara-2024-con-casi-15-menos-de-empleados","status":"publish","type":"post","link":"https:\/\/pasaenmendoza.com\/?p=10524","title":{"rendered":"La ex AFIP Mendoza &#8220;se achic\u00f3&#8221; y cerrar\u00e1 2024 con casi 15% menos de empleados"},"content":{"rendered":"\n<p>No fue motosierra pero&#8230; en lo que va del a\u00f1o, desde que era\u00a0<strong>AFIP<\/strong>, la actual\u00a0<strong>ARCA<\/strong>\u00a0<strong>redujo<\/strong>\u00a0su n\u00famero de<strong>\u00a0empleados casi 15% en Mendoza<\/strong>, al punto que en el seno del ente recaudador admitieron que\u00a0<strong>lo complica operativamente<\/strong>.<\/p>\n\n\n\n<p>Al analizar c\u00f3mo se compuso el\u00a0<strong>ajuste\u00a0<\/strong>hay que descartar retiros voluntarios y despidos. El grueso se debe a que al menos 43 se jubilaron (de enero a noviembre) y no fueron reemplazados, y en menor medida algunos fallecidos.<\/p>\n\n\n\n<p>La ex AFIP, hoy&nbsp;<strong>ARCA<\/strong>, hab\u00eda comenzado<strong>&nbsp;el 2024 en su sede Mendoza con 484 empleados<\/strong>&nbsp;entre administrativos e inspectores. Y&nbsp;<strong>lo cerrar\u00e1 en cerca de 420<\/strong>&nbsp;aproximadamente.<\/p>\n\n\n\n<p>Sin se\u00f1al de ingresos que lo compensen, para la estructura hist\u00f3rica del organismo&nbsp;<strong>la merma es importante<\/strong>.<\/p>\n\n\n\n<p>Al punto que desde adentro reconocen: &#8220;Somos el organismo m\u00e1s t\u00e9cnico del Estado y&nbsp;<strong>estamos complicados de gente.<\/strong>&nbsp;Hay que tener en cuenta que&nbsp;<strong>capacitar a un agente de AFIP lleva aproximadamente 3 a\u00f1os<\/strong>&#8220;.<\/p>\n\n\n\n<p>Influy\u00f3 el&nbsp;<strong>retiro de 1400 trabajadores en todo al pa\u00eds<\/strong>, instancia que en AFIP no lamentan sino todo lo contrario: les espera&nbsp;<strong>una suma extraordinaria<\/strong>&nbsp;realmente tentadora<strong>&nbsp;que moviliz\u00f3 a muchos en Mendoza<\/strong>&nbsp;(ver m\u00e1s abajo).<\/p>\n\n\n\n<p>As\u00ed, la cifra a fin de a\u00f1o habr\u00e1 trepado a casi\u00a0<strong>1600<\/strong>\u00a0en todas las delegaciones de AFIP en el pa\u00eds.<\/p>\n\n\n\n<h2 class=\"wp-block-heading\">Efecto jubilaci\u00f3n: 20 sueldos en juego<\/h2>\n\n\n\n<p>Aunque no fue una din\u00e1mica &#8220;full motosierra&#8221;, s\u00ed hubo serrucho. Todo empez\u00f3 cuando el gobierno de&nbsp;<strong>Milei decidi\u00f3 eliminar el llamado &#8220;fondo de jerarquizaci\u00f3n&#8221;<\/strong>&nbsp;que incrementaba fuerte el sueldo de un trabajador de AFIP.<\/p>\n\n\n\n<p>Con ese antecedente, que\u00a0devino en un paro y &#8220;apagones inform\u00e1ticos&#8221; como forma de\u00a0<strong>protesta<\/strong>, empez\u00f3 a crecer otro rumor: que corr\u00eda riesgo de desaparecer otro \u00edtem clave para el haber de un trabajador cerca del\u00a0<strong>retiro<\/strong>.<\/p>\n\n\n\n<p>Es que al momento de concretar el tr\u00e1mite,&nbsp;<strong>cada empleado de la ex AFIP cobra el equivalente a 20 sueldos<\/strong>.<\/p>\n\n\n\n<p>Para entender la importancia que tiene ese pago extraordinario, el salario de un&nbsp;<strong>trabajador con m\u00e1s de 37 a\u00f1os<\/strong>&nbsp;de aportes y contribuciones en condiciones de jubilarse est\u00e1 &#8220;topeado&#8221; en&nbsp;<strong>$1,7 millones<\/strong>. O sea, le corresponde percibir una gratificaci\u00f3n equivalente a $34 millones.<\/p>\n\n\n\n<p>Aunque un profesional con cierta antig\u00fcedad se\u00f1ala que &#8220;muchos empezaron a tramitar la&nbsp;<strong>jubilaci\u00f3n<\/strong>&nbsp;antes para no dejar de cobrar&#8221;, en la ex AFIP Mendoza lo niegan.<\/p>\n\n\n\n<h2 class=\"wp-block-heading\">Un ajuste de millones<\/h2>\n\n\n\n<p>&#8220;El gobierno nacional dijo que ahorrar\u00eda $6.200 millones al crear ARCA. Pero&nbsp;<strong>entre quita del fondo de jerarquizaci\u00f3n y sin darnos el aumento que correspond\u00eda ya van m\u00e1s de 102.000 millones<\/strong>&#8220;, calcul\u00f3&nbsp;<strong>Oscar Cardinali<\/strong>, del gremio de trabajadores de la ex AFIP en Mendoza sobre los alcances del ajuste.<\/p>\n\n\n\n<p>Cardinali relativiz\u00f3 el fin del beneficio para jubilados, porque &#8220;los 20 sueldos salen de un fondo integrado por el aporte de todos, y&nbsp;<strong>modificar el convenio colectivo para no ser\u00eda f\u00e1cil, adem\u00e1s de que se judicializar\u00eda<\/strong>&#8220;.<\/p>\n\n\n\n<p>Son 54 los que pasaron al sector pasivo en este 2024 en la regional Cuyo de la ex AFIP. De ese total,\u00a0<strong>43 trabajaban en el edificio de AFIP en pleno centro de la Ciudad de<\/strong>\u00a0Mendoza, una cifra que puede incrementarse este mes.<\/p>\n\n\n\n<p><strong>Fuente: www.diariouno.com.ar<\/strong><\/p>\n","protected":false},"excerpt":{"rendered":"<p>No fue motosierra pero&#8230; en lo que va del a\u00f1o, desde que era\u00a0AFIP, la actual\u00a0ARCA\u00a0redujo\u00a0su n\u00famero de\u00a0empleados casi 15% en Mendoza, al punto que en el seno del ente recaudador admitieron que\u00a0lo complica operativamente. Al analizar c\u00f3mo se compuso el\u00a0ajuste\u00a0hay que descartar retiros voluntarios y despidos. El grueso se debe a que al menos 43 [&hellip;]<\/p>\n","protected":false},"author":2,"featured_media":10525,"comment_status":"open","ping_status":"open","sticky":false,"template":"","format":"standard","meta":[],"categories":[93],"tags":[],"_links":{"self":[{"href":"https:\/\/pasaenmendoza.com\/index.php?rest_route=\/wp\/v2\/posts\/10524"}],"collection":[{"href":"https:\/\/pasaenmendoza.com\/index.php?rest_route=\/wp\/v2\/posts"}],"about":[{"href":"https:\/\/pasaenmendoza.com\/index.php?rest_route=\/wp\/v2\/types\/post"}],"author":[{"embeddable":true,"href":"https:\/\/pasaenmendoza.com\/index.php?rest_route=\/wp\/v2\/users\/2"}],"replies":[{"embeddable":true,"href":"https:\/\/pasaenmendoza.com\/index.php?rest_route=%2Fwp%2Fv2%2Fcomments&post=10524"}],"version-history":[{"count":1,"href":"https:\/\/pasaenmendoza.com\/index.php?rest_route=\/wp\/v2\/posts\/10524\/revisions"}],"predecessor-version":[{"id":10526,"href":"https:\/\/pasaenmendoza.com\/index.php?rest_route=\/wp\/v2\/posts\/10524\/revisions\/10526"}],"wp:featuredmedia":[{"embeddable":true,"href":"https:\/\/pasaenmendoza.com\/index.php?rest_route=\/wp\/v2\/media\/10525"}],"wp:attachment":[{"href":"https:\/\/pasaenmendoza.com\/index.php?rest_route=%2Fwp%2Fv2%2Fmedia&parent=10524"}],"wp:term":[{"taxonomy":"category","embeddable":true,"href":"https:\/\/pasaenmendoza.com\/index.php?rest_route=%2Fwp%2Fv2%2Fcategories&post=10524"},{"taxonomy":"post_tag","embeddable":true,"href":"https:\/\/pasaenmendoza.com\/index.php?rest_route=%2Fwp%2Fv2%2Ftags&post=10524"}],"curies":[{"name":"wp","href":"https:\/\/api.w.org\/{rel}","templated":true}]}}