{"id":10527,"date":"2024-12-10T22:04:18","date_gmt":"2024-12-10T21:04:18","guid":{"rendered":"https:\/\/pasaenmendoza.com\/?p=10527"},"modified":"2024-12-10T22:04:18","modified_gmt":"2024-12-10T21:04:18","slug":"rodolfo-vargas-arizu-vaticino-que-el-acuerdo-mercosur-union-europea-beneficiara-a-mendoza","status":"publish","type":"post","link":"https:\/\/pasaenmendoza.com\/?p=10527","title":{"rendered":"Rodolfo Vargas Arizu vaticin\u00f3 que el acuerdo Mercosur-Uni\u00f3n Europea beneficiar\u00e1 a Mendoza"},"content":{"rendered":"\n<p>El ministro de Producci\u00f3n de la provincia,<strong>\u00a0Rodolfo Vargas Arizu\u00a0<\/strong>se mostr\u00f3 expectante este lunes al referirse a los acuerdos alcanzados la semana pasada por los pa\u00edses del Mercosur con la Uni\u00f3n Europea. Para el funcionario mendocino se abrir\u00e1n nuevos mercados.<\/p>\n\n\n\n<p>El&nbsp;<strong>Mercosur<\/strong>y la&nbsp;<strong>Uni\u00f3n Europea<\/strong>&nbsp;alcanzaron el \u00faltimo viernes un acuerdo de comercio luego de 25 a\u00f1os de negociaciones que abre un mercado de 700 millones de personas.<\/p>\n\n\n\n<p>El anuncio fue realizado en\u00a0<strong>Montevideo<\/strong>, Uruguay, en el marco de la\u00a0<strong>65\u00b0 Cumbre del Mercosur<\/strong>\u00a0de la que tambi\u00e9n particip\u00f3 la presidenta de la Comisi\u00f3n Europea\u00a0<strong>Ursula von der Leyen<\/strong>, quien viaj\u00f3 especialmente para cerrar las negociaciones.<\/p>\n\n\n\n<h2 class=\"wp-block-heading\">Qu\u00e9 dijo Vargas Arizu sobre el acuerdo Mercosur-Uni\u00f3n Europea<\/h2>\n\n\n\n<p>&#8220;Yo creo que el acuerdo Mercosur-Uni\u00f3n Europea va a impactar bien porque va a abrir mercados&#8221; dijo en primer lugar el integrante del gabinete de Alfredo Cornejo.<\/p>\n\n\n\n<p>Y enseguida agreg\u00f3: &#8220;Los que van a estar preocupados van a ser los europeos porque Mendoza, Argentina y Am\u00e9rica tenemos alta producci\u00f3n agr\u00edcola y sabemos trabajar. As\u00ed que de verdad, el peligro lo van a tener m\u00e1s ellos que nosotros&#8221;.<\/p>\n\n\n\n<p>Vargas Arizu analiz\u00f3: &#8220;Nosotros nos vamos a beneficiar en insumos, en muchas cosas que necesitamos, como maquinaria, tractores, equipos con telemetr\u00eda para manejar las distancias, cosechadoras&#8230; Hay un sinn\u00famero de cosas con la que vamos a salir ganando&#8221;.<\/p>\n\n\n\n<p>Y cerr\u00f3 con el siguiente concepto: &#8220;Ellos se van a beneficiar con productos nuestros tambi\u00e9n. Y sumo la importancia del protagonismo de nuestro presidente Javier Milei con el impulso a negociar partida por partida. Gracias a eso podemos aggiornarnos y trabajar no lejos de los mercados internacionales, sino dentro de ellos&#8221;.<\/p>\n\n\n\n<p>&#8220;Estamos generando un mercado de&nbsp;<strong>700 millones de consumidores<\/strong>&#8220;, destac\u00f3<strong>&nbsp;Von der Leyen<\/strong>&nbsp;y asegur\u00f3 que la alianza &#8220;va a generar inversiones y trabajo a ambos lados del Atl\u00e1ntico&#8221;. &#8220;Le estamos diciendo al mundo que tiene que estar ligado por valores&#8221;, destac\u00f3 la funcionaria europea&nbsp;<strong>Ursula von der Leyen<\/strong>, durante el anuncio del acuerdo.<\/p>\n\n\n\n<p>Agreg\u00f3 que &#8220;esto es una&nbsp;<strong>ganancia para Europa<\/strong>&#8221; porque &#8220;hay 70 mil empresas exportan al&nbsp;<strong>Mercosur&nbsp;<\/strong>de las cuales 30 mil son pymes as\u00ed se aseguran un mercado, facilidades de ingresos, menores aranceles y acceso preferencial a materias primas&#8221;.<\/p>\n\n\n\n<p>Adem\u00e1s, afirm\u00f3 que &#8220;este\u00a0<strong>acuerdo\u00a0<\/strong>incluye salvaguardas robustas&#8221; y le permitir\u00e1 ahorrar a las empresas europeas\u00a0<strong>4.000 millones de euros<\/strong>.<\/p>\n\n\n\n<p><strong>Fuente: www.diariouno.com.ar<\/strong><\/p>\n","protected":false},"excerpt":{"rendered":"<p>El ministro de Producci\u00f3n de la provincia,\u00a0Rodolfo Vargas Arizu\u00a0se mostr\u00f3 expectante este lunes al referirse a los acuerdos alcanzados la semana pasada por los pa\u00edses del Mercosur con la Uni\u00f3n Europea. Para el funcionario mendocino se abrir\u00e1n nuevos mercados. El&nbsp;Mercosury la&nbsp;Uni\u00f3n Europea&nbsp;alcanzaron el \u00faltimo viernes un acuerdo de comercio luego de 25 a\u00f1os de negociaciones [&hellip;]<\/p>\n","protected":false},"author":2,"featured_media":10528,"comment_status":"open","ping_status":"open","sticky":false,"template":"","format":"standard","meta":[],"categories":[75],"tags":[],"_links":{"self":[{"href":"https:\/\/pasaenmendoza.com\/index.php?rest_route=\/wp\/v2\/posts\/10527"}],"collection":[{"href":"https:\/\/pasaenmendoza.com\/index.php?rest_route=\/wp\/v2\/posts"}],"about":[{"href":"https:\/\/pasaenmendoza.com\/index.php?rest_route=\/wp\/v2\/types\/post"}],"author":[{"embeddable":true,"href":"https:\/\/pasaenmendoza.com\/index.php?rest_route=\/wp\/v2\/users\/2"}],"replies":[{"embeddable":true,"href":"https:\/\/pasaenmendoza.com\/index.php?rest_route=%2Fwp%2Fv2%2Fcomments&post=10527"}],"version-history":[{"count":1,"href":"https:\/\/pasaenmendoza.com\/index.php?rest_route=\/wp\/v2\/posts\/10527\/revisions"}],"predecessor-version":[{"id":10529,"href":"https:\/\/pasaenmendoza.com\/index.php?rest_route=\/wp\/v2\/posts\/10527\/revisions\/10529"}],"wp:featuredmedia":[{"embeddable":true,"href":"https:\/\/pasaenmendoza.com\/index.php?rest_route=\/wp\/v2\/media\/10528"}],"wp:attachment":[{"href":"https:\/\/pasaenmendoza.com\/index.php?rest_route=%2Fwp%2Fv2%2Fmedia&parent=10527"}],"wp:term":[{"taxonomy":"category","embeddable":true,"href":"https:\/\/pasaenmendoza.com\/index.php?rest_route=%2Fwp%2Fv2%2Fcategories&post=10527"},{"taxonomy":"post_tag","embeddable":true,"href":"https:\/\/pasaenmendoza.com\/index.php?rest_route=%2Fwp%2Fv2%2Ftags&post=10527"}],"curies":[{"name":"wp","href":"https:\/\/api.w.org\/{rel}","templated":true}]}}