{"id":1053,"date":"2023-08-30T15:12:42","date_gmt":"2023-08-30T13:12:42","guid":{"rendered":"https:\/\/pasaenmendoza.com\/?p=1053"},"modified":"2023-08-30T15:12:43","modified_gmt":"2023-08-30T13:12:43","slug":"pronostico-en-mendoza-habilitan-el-paso-a-chile-pero-hay-alerta-por-zonda","status":"publish","type":"post","link":"https:\/\/pasaenmendoza.com\/?p=1053","title":{"rendered":"Pron\u00f3stico en Mendoza: habilitan el paso a Chile, pero hay alerta por Zonda"},"content":{"rendered":"\n<p>Este\u00a0<strong>mi\u00e9rcoles<\/strong>\u00a0llega con cielo algo nublado y ventoso con ascenso de la temperatura, vientos moderados del sudeste.\u00a0<mark>La m\u00ednima ser\u00e1 de 8 grados y la m\u00e1xima de 24.<\/mark><\/p>\n\n\n\n<p>Adem\u00e1s, el\u00a0<strong>Servicio Meteorol\u00f3gico Nacional (SMN)<\/strong>\u00a0indica\u00a0<mark><strong>alerta amarilla por\u00a0<\/strong>Zonda<\/mark>. Las zonas afectadas son la\u00a0<strong>precordillera, Valle de Uco y Malarg\u00fce.<\/strong><\/p>\n\n\n\n<p>Para el jueves se prev\u00e9 cielo algo nublado con descenso de la temperatura, vientos leves del sector norte. La m\u00ednima ser\u00e1 de 5 grados y la m\u00e1xima de 18.<\/p>\n\n\n\n<p>El viernes llegar\u00e1 con cielo algo nublado, ascenso de la temperatura, vientos moderados del sudeste. Nevadas en cordillera. La m\u00e1xima para esa jornada ser\u00e1 de 23 grados.<\/p>\n\n\n\n<p><strong>La situaci\u00f3n en alta monta\u00f1a<\/strong><\/p>\n\n\n\n<p>Tras 13 d\u00edas cerrado, el\u00a0<strong>Sistema Integrado Cristo Redentor<\/strong>\u00a0se encuentra\u00a0<mark>habilitado para todo tipo de veh\u00edculo, de<\/mark>\u00a09 a 21. Se estima que m\u00e1s de 10 mil camiones cruzar\u00e1n por el corredor fronterizo.<\/p>\n\n\n\n<p>El\u00a0<strong>paso a Chile<\/strong>\u00a0est\u00e1\u00a0<mark>cerrado<\/mark>\u00a0por tiempo indeterminado.<\/p>\n\n\n\n<p><strong>Fuente: www.mendozapost.com<\/strong><\/p>\n","protected":false},"excerpt":{"rendered":"<p>Este\u00a0mi\u00e9rcoles\u00a0llega con cielo algo nublado y ventoso con ascenso de la temperatura, vientos moderados del sudeste.\u00a0La m\u00ednima ser\u00e1 de 8 grados y la m\u00e1xima de 24. Adem\u00e1s, el\u00a0Servicio Meteorol\u00f3gico Nacional (SMN)\u00a0indica\u00a0alerta amarilla por\u00a0Zonda. Las zonas afectadas son la\u00a0precordillera, Valle de Uco y Malarg\u00fce. Para el jueves se prev\u00e9 cielo algo nublado con descenso de la [&hellip;]<\/p>\n","protected":false},"author":2,"featured_media":1056,"comment_status":"open","ping_status":"open","sticky":false,"template":"","format":"standard","meta":[],"categories":[52],"tags":[],"_links":{"self":[{"href":"https:\/\/pasaenmendoza.com\/index.php?rest_route=\/wp\/v2\/posts\/1053"}],"collection":[{"href":"https:\/\/pasaenmendoza.com\/index.php?rest_route=\/wp\/v2\/posts"}],"about":[{"href":"https:\/\/pasaenmendoza.com\/index.php?rest_route=\/wp\/v2\/types\/post"}],"author":[{"embeddable":true,"href":"https:\/\/pasaenmendoza.com\/index.php?rest_route=\/wp\/v2\/users\/2"}],"replies":[{"embeddable":true,"href":"https:\/\/pasaenmendoza.com\/index.php?rest_route=%2Fwp%2Fv2%2Fcomments&post=1053"}],"version-history":[{"count":1,"href":"https:\/\/pasaenmendoza.com\/index.php?rest_route=\/wp\/v2\/posts\/1053\/revisions"}],"predecessor-version":[{"id":1057,"href":"https:\/\/pasaenmendoza.com\/index.php?rest_route=\/wp\/v2\/posts\/1053\/revisions\/1057"}],"wp:featuredmedia":[{"embeddable":true,"href":"https:\/\/pasaenmendoza.com\/index.php?rest_route=\/wp\/v2\/media\/1056"}],"wp:attachment":[{"href":"https:\/\/pasaenmendoza.com\/index.php?rest_route=%2Fwp%2Fv2%2Fmedia&parent=1053"}],"wp:term":[{"taxonomy":"category","embeddable":true,"href":"https:\/\/pasaenmendoza.com\/index.php?rest_route=%2Fwp%2Fv2%2Fcategories&post=1053"},{"taxonomy":"post_tag","embeddable":true,"href":"https:\/\/pasaenmendoza.com\/index.php?rest_route=%2Fwp%2Fv2%2Ftags&post=1053"}],"curies":[{"name":"wp","href":"https:\/\/api.w.org\/{rel}","templated":true}]}}