{"id":10530,"date":"2024-12-10T22:12:07","date_gmt":"2024-12-10T21:12:07","guid":{"rendered":"https:\/\/pasaenmendoza.com\/?p=10530"},"modified":"2024-12-10T22:12:08","modified_gmt":"2024-12-10T21:12:08","slug":"el-cambio-que-puede-aliviar-el-bolsillo-de-los-inquilinos-en-mendoza-en-el-2025","status":"publish","type":"post","link":"https:\/\/pasaenmendoza.com\/?p=10530","title":{"rendered":"El cambio que puede aliviar el bolsillo de los inquilinos en Mendoza en el 2025"},"content":{"rendered":"\n<p>A poco menos de un a\u00f1o de la derogaci\u00f3n de la Ley de Alquileres,\u00a0referentes del sector inmobiliario de Mendoza hicieron un balance y tildaron el cambio de positivo. Entre los efectos, destacaron que durante estos meses\u00a0<strong>creci\u00f3 la oferta y en consecuencia, disminuyeron los valores.<\/strong><\/p>\n\n\n\n<p>Sin embargo, reconocieron que la\u00a0<strong>suba en los alquileres en 2024 ronda el 65% \u2013 70%,<\/strong>\u00a0pero garantizaron que el a\u00f1o entrante este panorama no se repetir\u00e1, y\u00a0<strong>anticiparon que habr\u00e1 una \u201cbaja importante\u201d.<\/strong><\/p>\n\n\n\n<p>En esta l\u00ednea,<strong>&nbsp;Silvio Gigli<\/strong>, titular del Colegio de Corredores Inmobiliarios de Mendoza, asegur\u00f3 que el 2025 beneficiar\u00e1 tanto al locatario como al locador.<\/p>\n\n\n\n<p>\u201c<em>No hay duda de que las perspectivas econ\u00f3micas de estabilidad y de baja inflacionaria van a favorecer no solo al locatario sino tambi\u00e9n al locador, que va a tener una renta actualizada que se va a mantener a lo largo del tiempo. El locatario, por su parte, tendr\u00e1 un alquiler estable o con ajustes que no ser\u00e1n tan importantes<\/em>&#8220;.<\/p>\n\n\n\n<h2 class=\"wp-block-heading\" id=\"h-el-mercados-tras-la-derogacion-de-la-ley\">El mercados tras la derogaci\u00f3n de la ley<\/h2>\n\n\n\n<p><strong>Eduardo Rosta<\/strong>, referente del sector inmobiliario, coment\u00f3 que la derogaci\u00f3n de la Ley de Alquileres tuvo un buen impacto con el mercado, con un&nbsp;<strong>aumento en la oferta de inmuebles y precios m\u00e1s estables.<\/strong><\/p>\n\n\n\n<p>\u201c<em>A nivel de alquileres, la oferta pas\u00f3 de estar sumamente ca\u00edda, donde los mejores momentos que tuvimos antes del DNU fue que cada 100 propiedades que ten\u00eda 8 eran para alquiler, a que hoy, por ejemplo, de cada 100 propiedades que se publican, tenes m\u00e1s de 35 en alquiler<\/em>.<em>\u00a0La oferta se super\u00f3 ampliamente<\/em>\u201c, expres\u00f3 el profesional de la inmobiliaria Rosta &amp; Asociados.<\/p>\n\n\n\n<p>Adem\u00e1s, resalt\u00f3 que otro de los efectos fue un \u201cmayor nivel de negociaci\u00f3n\u201d entre las partes al momento de actualizar los c\u00e1nones locativos.<\/p>\n\n\n\n<p>\u201c<em>El aumento de los \u00faltimos 12 meses promedia el 65% \u2013 70%, pero de eso un 25% fue inflaci\u00f3n de diciembre. Eso modific\u00f3 mucho los valores, los mantuvo altos, pero para el a\u00f1o que viene ese nivel de incidencia no lo vas a tener y se va a mostrar una baja realmente importante<\/em>\u201c, sum\u00f3 Rosta.<\/p>\n\n\n\n<h2 class=\"wp-block-heading\" id=\"h-como-se-estan-realizando-los-contratos\">C\u00f3mo se est\u00e1n realizando los contratos<\/h2>\n\n\n\n<p>Un cambio clave, se\u00f1alan, se est\u00e1 generando en los nuevos contratos de alquiler con el regreso de la<strong>&nbsp;actualizaci\u00f3n semestral<\/strong>. Si bien a\u00fan no es el acuerdo m\u00e1s elegidos entre las partes, empieza a aparecer como alternativa.<\/p>\n\n\n\n<p>\u201c<em>En algunos casos la gente est\u00e1 planteando prolongar la actualizaci\u00f3n hacia el sexto mes o fijar un valor relacionado a lo que se est\u00e1 ofreciendo hoy en el mercado. De los contratos que se est\u00e1n iniciando, el 90% son a dos a\u00f1os con actualizaciones cuatrimestrales o semestrales. Antes eso era ciencia ficci\u00f3n<\/em>\u201c, asegur\u00f3 Rosta.<\/p>\n\n\n\n<p>Recordando que en la actualidad las partes pueden acordar tiempo de contrato, ajuste y con qu\u00e9 \u00edndice, seg\u00fan comentaron desde el rubro, la gran mayor\u00eda se mueve con el&nbsp;<strong>\u00cdndice para Contratos de Locaci\u00f3n&nbsp;<\/strong>(ICL).<\/p>\n\n\n\n<p>En relaci\u00f3n a la moneda,\u00a0<strong>un 95% de los contratos en la provincia son en pesos<\/strong>, pero a diferencia de lo que suced\u00eda meses atr\u00e1s, est\u00e1n aquellos inquilinos que proponen que el acuerdo se haga en d\u00f3lares.<\/p>\n\n\n\n<p><strong>Fuente: www.elsol.com.ar<\/strong><\/p>\n","protected":false},"excerpt":{"rendered":"<p>A poco menos de un a\u00f1o de la derogaci\u00f3n de la Ley de Alquileres,\u00a0referentes del sector inmobiliario de Mendoza hicieron un balance y tildaron el cambio de positivo. Entre los efectos, destacaron que durante estos meses\u00a0creci\u00f3 la oferta y en consecuencia, disminuyeron los valores. Sin embargo, reconocieron que la\u00a0suba en los alquileres en 2024 ronda [&hellip;]<\/p>\n","protected":false},"author":2,"featured_media":10531,"comment_status":"open","ping_status":"open","sticky":false,"template":"","format":"standard","meta":[],"categories":[88],"tags":[],"_links":{"self":[{"href":"https:\/\/pasaenmendoza.com\/index.php?rest_route=\/wp\/v2\/posts\/10530"}],"collection":[{"href":"https:\/\/pasaenmendoza.com\/index.php?rest_route=\/wp\/v2\/posts"}],"about":[{"href":"https:\/\/pasaenmendoza.com\/index.php?rest_route=\/wp\/v2\/types\/post"}],"author":[{"embeddable":true,"href":"https:\/\/pasaenmendoza.com\/index.php?rest_route=\/wp\/v2\/users\/2"}],"replies":[{"embeddable":true,"href":"https:\/\/pasaenmendoza.com\/index.php?rest_route=%2Fwp%2Fv2%2Fcomments&post=10530"}],"version-history":[{"count":1,"href":"https:\/\/pasaenmendoza.com\/index.php?rest_route=\/wp\/v2\/posts\/10530\/revisions"}],"predecessor-version":[{"id":10532,"href":"https:\/\/pasaenmendoza.com\/index.php?rest_route=\/wp\/v2\/posts\/10530\/revisions\/10532"}],"wp:featuredmedia":[{"embeddable":true,"href":"https:\/\/pasaenmendoza.com\/index.php?rest_route=\/wp\/v2\/media\/10531"}],"wp:attachment":[{"href":"https:\/\/pasaenmendoza.com\/index.php?rest_route=%2Fwp%2Fv2%2Fmedia&parent=10530"}],"wp:term":[{"taxonomy":"category","embeddable":true,"href":"https:\/\/pasaenmendoza.com\/index.php?rest_route=%2Fwp%2Fv2%2Fcategories&post=10530"},{"taxonomy":"post_tag","embeddable":true,"href":"https:\/\/pasaenmendoza.com\/index.php?rest_route=%2Fwp%2Fv2%2Ftags&post=10530"}],"curies":[{"name":"wp","href":"https:\/\/api.w.org\/{rel}","templated":true}]}}