{"id":10533,"date":"2024-12-11T13:35:42","date_gmt":"2024-12-11T12:35:42","guid":{"rendered":"https:\/\/pasaenmendoza.com\/?p=10533"},"modified":"2024-12-11T13:35:43","modified_gmt":"2024-12-11T12:35:43","slug":"el-tiempo-en-mendoza-mas-calor-y-tormentas-con-granizo-para-este-miercoles","status":"publish","type":"post","link":"https:\/\/pasaenmendoza.com\/?p=10533","title":{"rendered":"El tiempo en Mendoza: m\u00e1s calor y tormentas con granizo para este mi\u00e9rcoles"},"content":{"rendered":"\n<p><strong>La temperatura m\u00e1xima para este mi\u00e9rcoles subir\u00e1 a unos 36 grados cent\u00edgrados,&nbsp;<\/strong>mientras que&nbsp;<strong>la m\u00ednima&nbsp;<\/strong>no ser\u00e1 para nada baja:<strong>&nbsp;21 grados cent\u00edgrados.<\/strong><\/p>\n\n\n\n<p>El pron\u00f3stico de la&nbsp;<strong>Direcci\u00f3n de Contingencias Clim\u00e1ticas&nbsp;<\/strong>adelant\u00f3 que estar\u00e1 \u201c<em><strong>caluroso<\/strong>&nbsp;y algo nublado, vientos moderados del sudeste<\/em>\u201c.<\/p>\n\n\n\n<p>No aflojar\u00e1 la inestabilidad: \u201c<em><strong>Tormentas aisladas<\/strong>\u00a0hacia la noche en el sur provincial<\/em>\u201c.<\/p>\n\n\n\n<p>Para los que crucen a Chile, estar\u00e1 \u201c<em>parcialmente nublado en cordillera<\/em>\u201c.<\/p>\n\n\n\n<h2 class=\"wp-block-heading\" id=\"h-alerta-amarilla-por-tormentas\">Alerta amarilla por tormentas<\/h2>\n\n\n\n<p>El<em>&nbsp;Servicio Meteorol\u00f3gico Nacional&nbsp;<\/em>lanz\u00f3 un alerta en&nbsp;<strong>nivel amarillo<\/strong>&nbsp;para el&nbsp;<strong>este de Las Heras, La Paz, Lavalle, San Mart\u00edn y Santa Rosa<\/strong>&nbsp;por&nbsp;<strong>tormentas<\/strong>&nbsp;que se esperan&nbsp;<strong>hacia la noche.<\/strong><\/p>\n\n\n\n<p>\u201c<em>El \u00e1rea ser\u00e1 afectada por\u00a0<strong>tormentas aisladas, algunas localmente fuertes.<\/strong>\u00a0Las mismas podr\u00e1n estar acompa\u00f1adas por\u00a0<strong>abundante ca\u00edda de agua en cortos periodos, fuerte actividad el\u00e9ctrica, r\u00e1fagas intensas y posible ca\u00edda de granizo<\/strong>. Se esperan\u00a0<strong>valores de precipitaci\u00f3n acumulada entre 15 y 30 mm, pudiendo ser superados de forma puntual<\/strong><\/em>\u201c.<\/p>\n\n\n\n<p><strong>Fuente: www.elsol.com.ar<\/strong><\/p>\n","protected":false},"excerpt":{"rendered":"<p>La temperatura m\u00e1xima para este mi\u00e9rcoles subir\u00e1 a unos 36 grados cent\u00edgrados,&nbsp;mientras que&nbsp;la m\u00ednima&nbsp;no ser\u00e1 para nada baja:&nbsp;21 grados cent\u00edgrados. El pron\u00f3stico de la&nbsp;Direcci\u00f3n de Contingencias Clim\u00e1ticas&nbsp;adelant\u00f3 que estar\u00e1 \u201ccaluroso&nbsp;y algo nublado, vientos moderados del sudeste\u201c. No aflojar\u00e1 la inestabilidad: \u201cTormentas aisladas\u00a0hacia la noche en el sur provincial\u201c. Para los que crucen a Chile, estar\u00e1 [&hellip;]<\/p>\n","protected":false},"author":2,"featured_media":10534,"comment_status":"open","ping_status":"open","sticky":false,"template":"","format":"standard","meta":[],"categories":[52],"tags":[],"_links":{"self":[{"href":"https:\/\/pasaenmendoza.com\/index.php?rest_route=\/wp\/v2\/posts\/10533"}],"collection":[{"href":"https:\/\/pasaenmendoza.com\/index.php?rest_route=\/wp\/v2\/posts"}],"about":[{"href":"https:\/\/pasaenmendoza.com\/index.php?rest_route=\/wp\/v2\/types\/post"}],"author":[{"embeddable":true,"href":"https:\/\/pasaenmendoza.com\/index.php?rest_route=\/wp\/v2\/users\/2"}],"replies":[{"embeddable":true,"href":"https:\/\/pasaenmendoza.com\/index.php?rest_route=%2Fwp%2Fv2%2Fcomments&post=10533"}],"version-history":[{"count":1,"href":"https:\/\/pasaenmendoza.com\/index.php?rest_route=\/wp\/v2\/posts\/10533\/revisions"}],"predecessor-version":[{"id":10535,"href":"https:\/\/pasaenmendoza.com\/index.php?rest_route=\/wp\/v2\/posts\/10533\/revisions\/10535"}],"wp:featuredmedia":[{"embeddable":true,"href":"https:\/\/pasaenmendoza.com\/index.php?rest_route=\/wp\/v2\/media\/10534"}],"wp:attachment":[{"href":"https:\/\/pasaenmendoza.com\/index.php?rest_route=%2Fwp%2Fv2%2Fmedia&parent=10533"}],"wp:term":[{"taxonomy":"category","embeddable":true,"href":"https:\/\/pasaenmendoza.com\/index.php?rest_route=%2Fwp%2Fv2%2Fcategories&post=10533"},{"taxonomy":"post_tag","embeddable":true,"href":"https:\/\/pasaenmendoza.com\/index.php?rest_route=%2Fwp%2Fv2%2Ftags&post=10533"}],"curies":[{"name":"wp","href":"https:\/\/api.w.org\/{rel}","templated":true}]}}