{"id":10536,"date":"2024-12-11T13:41:08","date_gmt":"2024-12-11T12:41:08","guid":{"rendered":"https:\/\/pasaenmendoza.com\/?p=10536"},"modified":"2024-12-11T13:41:09","modified_gmt":"2024-12-11T12:41:09","slug":"por-primera-vez-en-mendoza-un-conductor-alcoholizado-que-choco-y-mato-enfrentara-un-jurado-popular","status":"publish","type":"post","link":"https:\/\/pasaenmendoza.com\/?p=10536","title":{"rendered":"Por primera vez en Mendoza, un conductor alcoholizado que choc\u00f3 y mat\u00f3 enfrentar\u00e1 un jurado popular"},"content":{"rendered":"\n<p>Por primera vez desde que se promulg\u00f3 la<strong>&nbsp;Ley 9.106 de Juicios por Jurados<\/strong>&nbsp;en la provincia en octubre del 2018, un<strong>&nbsp;conductor alcoholizado<\/strong>&nbsp;que provoc\u00f3 un<strong>&nbsp;accidente fatal&nbsp;<\/strong>enfrentar\u00e1 un debate de esas caracter\u00edsticas, en el que ser\u00e1 juzgado por un cuerpo de 12 ciudadanos. Se trata de&nbsp;<strong>Aldo Javier Soto<\/strong>&nbsp;(34), quien en noviembre de 2023 embisti\u00f3 con su autom\u00f3vil a dos motocicletas, provocando la muerte de<strong>&nbsp;Luciana Monardez<\/strong>&nbsp;(25) y las lesiones de dos j\u00f3venes, en el departamento de&nbsp;<strong>Las Heras<\/strong>.<\/p>\n\n\n\n<p>Recientemente, comenzaron las primeras audiencias previas al debate, en las que se comunican a las partes las directivas a seguir durante el proceso. Pero Soto reci\u00e9n se sentar\u00e1 en febrero en el banquillo de los acusados en la causa que lidera el<strong>\u00a0fiscal de Tr\u00e1nsito Fernando Giunta<\/strong>. Tambi\u00e9n act\u00faan como querellantes, en representaci\u00f3n de la familia de la v\u00edctima, los abogados\u00a0<strong>Franco Migliavacca y Emiliano Marlia<\/strong>.<\/p>\n\n\n\n<p>.Soto llegar\u00e1 al juicio con\u00a0<strong>detenci\u00f3n domiciliaria<\/strong>\u00a0-a la que accedi\u00f3 mediante el pago de una fianza de 1 mill\u00f3n de pesos- e imputado por el delito de\u00a0<strong>homicidio simple con dolo eventual<\/strong>, por lo que arriesgar\u00e1\u00a0<strong>penas de entre 8 a 25 a\u00f1os de encierro<\/strong>.<\/p>\n\n\n\n<p>Si bien, en un principio s\u00f3lo las calificaciones con<strong>&nbsp;prisi\u00f3n perpetua<\/strong>&nbsp;como \u00fanica pena prevista llegaban a<strong>&nbsp;juicio por jurados<\/strong>, desde junio de este a\u00f1o se incorporaron a la normativa los casos de&nbsp;<strong>homicidio simple, homicidio agravado, robo agravado seguido de muerte y abuso sexual agravado seguido de muerte<\/strong>, entre otros.<\/p>\n\n\n\n<p>Una de las principales pruebas que compromete a Soto es el\u00a0<strong>video\u00a0<\/strong>que tom\u00f3 una\u00a0<strong>c\u00e1mara de seguridad\u00a0<\/strong>apostada en una vivienda particular y en el que se observa el instante en que impact\u00f3 a Monardez, quien iba en motocicleta junto a su amigo,\u00a0<strong>Franco Flores<\/strong>.<\/p>\n\n\n\n<h2 class=\"wp-block-heading\" id=\"h-tragedia-en-el-algarrobal\">Tragedia en El Algarrobal<\/h2>\n\n\n\n<p>El accidente tuvo lugar minutos antes de las 7.30 del domingo 28 de noviembre del a\u00f1o pasado, cuando Soto circulaba a contramano en su&nbsp;<strong>Peugeot 207<\/strong>, por<strong>&nbsp;calle Paso Hondo del distrito El Algarrobal<\/strong>.&nbsp;<\/p>\n\n\n\n<p>A toda velocidad, el conductor impact\u00f3 de frente a una&nbsp;<strong>Honda Wave 110cc<\/strong>,&nbsp;en la que viajaban&nbsp;<strong>Monardez&nbsp;<\/strong>y&nbsp;<strong>Flores<\/strong>, que iban hacia el sur, en sentido correcto.<\/p>\n\n\n\n<p>Lejos de frenar por la colisi\u00f3n, Soto\u00a0continu\u00f3 con su peligroso trayecto, en un desesperado intento por darse a la fuga. As\u00ed, termin\u00f3 por chocar a otro motociclista, identificado como\u00a0<strong>Pablo Guti\u00e9rrez<\/strong>, quien circulaba en una\u00a0<strong>Gilera 110cc<\/strong>.<\/p>\n\n\n\n<p><strong>Monardez&nbsp;<\/strong>fue trasladada al&nbsp;<strong>Hospital Central<\/strong>, donde debi\u00f3 ser intervenida por las m\u00faltiples fracturas sufridas. Pese a los esfuerzos de los m\u00e9dicos, falleci\u00f3 a la madrugada del d\u00eda siguiente en Terapia Intensiva.<\/p>\n\n\n\n<p>Por su parte, su amigo, Flores, s\u00f3lo result\u00f3 con algunas<strong>&nbsp;lesiones leves&nbsp;<\/strong>y Guti\u00e9rrez result\u00f3 con&nbsp;<strong>golpes en la cabeza y el pie izquierdo<\/strong>, por lo que sus vidas nunca estuvieron en riesgo.<\/p>\n\n\n\n<p>Poco m\u00e1s de un a\u00f1o despu\u00e9s del tr\u00e1gico episodio, Soto enfrentar\u00e1 un juicio que marcar\u00e1 un antes y un despu\u00e9s en las causas de accidentes de tr\u00e1nsito fatales en la provincia.<\/p>\n\n\n\n<p><strong>Fuente: www.elsol.com.ar<\/strong><\/p>\n","protected":false},"excerpt":{"rendered":"<p>Por primera vez desde que se promulg\u00f3 la&nbsp;Ley 9.106 de Juicios por Jurados&nbsp;en la provincia en octubre del 2018, un&nbsp;conductor alcoholizado&nbsp;que provoc\u00f3 un&nbsp;accidente fatal&nbsp;enfrentar\u00e1 un debate de esas caracter\u00edsticas, en el que ser\u00e1 juzgado por un cuerpo de 12 ciudadanos. Se trata de&nbsp;Aldo Javier Soto&nbsp;(34), quien en noviembre de 2023 embisti\u00f3 con su autom\u00f3vil a [&hellip;]<\/p>\n","protected":false},"author":2,"featured_media":10537,"comment_status":"open","ping_status":"open","sticky":false,"template":"","format":"standard","meta":[],"categories":[48],"tags":[],"_links":{"self":[{"href":"https:\/\/pasaenmendoza.com\/index.php?rest_route=\/wp\/v2\/posts\/10536"}],"collection":[{"href":"https:\/\/pasaenmendoza.com\/index.php?rest_route=\/wp\/v2\/posts"}],"about":[{"href":"https:\/\/pasaenmendoza.com\/index.php?rest_route=\/wp\/v2\/types\/post"}],"author":[{"embeddable":true,"href":"https:\/\/pasaenmendoza.com\/index.php?rest_route=\/wp\/v2\/users\/2"}],"replies":[{"embeddable":true,"href":"https:\/\/pasaenmendoza.com\/index.php?rest_route=%2Fwp%2Fv2%2Fcomments&post=10536"}],"version-history":[{"count":1,"href":"https:\/\/pasaenmendoza.com\/index.php?rest_route=\/wp\/v2\/posts\/10536\/revisions"}],"predecessor-version":[{"id":10538,"href":"https:\/\/pasaenmendoza.com\/index.php?rest_route=\/wp\/v2\/posts\/10536\/revisions\/10538"}],"wp:featuredmedia":[{"embeddable":true,"href":"https:\/\/pasaenmendoza.com\/index.php?rest_route=\/wp\/v2\/media\/10537"}],"wp:attachment":[{"href":"https:\/\/pasaenmendoza.com\/index.php?rest_route=%2Fwp%2Fv2%2Fmedia&parent=10536"}],"wp:term":[{"taxonomy":"category","embeddable":true,"href":"https:\/\/pasaenmendoza.com\/index.php?rest_route=%2Fwp%2Fv2%2Fcategories&post=10536"},{"taxonomy":"post_tag","embeddable":true,"href":"https:\/\/pasaenmendoza.com\/index.php?rest_route=%2Fwp%2Fv2%2Ftags&post=10536"}],"curies":[{"name":"wp","href":"https:\/\/api.w.org\/{rel}","templated":true}]}}