{"id":10542,"date":"2024-12-11T18:19:16","date_gmt":"2024-12-11T17:19:16","guid":{"rendered":"https:\/\/pasaenmendoza.com\/?p=10542"},"modified":"2024-12-11T18:19:17","modified_gmt":"2024-12-11T17:19:17","slug":"las-ultimas-jornadas-institucionales-2024-se-desarrollaran-el-17-y-18-de-diciembre","status":"publish","type":"post","link":"https:\/\/pasaenmendoza.com\/?p=10542","title":{"rendered":"Las \u00faltimas Jornadas Institucionales 2024 se desarrollar\u00e1n el 17 y 18 de diciembre"},"content":{"rendered":"\n<p>La Direcci\u00f3n General de Escuelas comunica que\u00a0<strong>los d\u00edas martes 17 y mi\u00e9rcoles 18 de diciembre se desarrollar\u00e1n las Jornadas Institucionales en todas las\u00a0escuelas de la provincia,<\/strong>\u00a0denominadas\u00a0<em>Autoevaluaci\u00f3n para la mejora.\u00a0<\/em>Seg\u00fan qued\u00f3 establecido en el memor\u00e1ndum N 09282374, las escuelas ya pueden acceder al material de trabajo por medio del siguiente enlace:\u00a0www.mendoza.edu.ar\/jornadas-institucionales-diciembre-2024.<\/p>\n\n\n\n<p>Tambi\u00e9n se informa que el material para los Centros Educativos de Primera Infancia estar\u00e1 publicado en el\u00a0<strong>portal el 14 de diciembre.<\/strong><\/p>\n\n\n\n<p>Cabe destacar que el martes 10 de diciembre, a las 14, se realizar\u00e1 por YouTube la presentaci\u00f3n de las<strong>\u00a0Jornadas Institucionales\u00a0de fin de ciclo 2024<\/strong>\u00a0a cargo de la Subsecretar\u00eda de Educaci\u00f3n y la Direcci\u00f3n de Planificaci\u00f3n de la Calidad Educativa destinada a supervisores. Posteriormente, los supervisores quedar\u00e1n vinculados a los enlaces para mantener una reuni\u00f3n con cada director de l\u00ednea de los distintos niveles y modalidades. En el memor\u00e1ndum 09282374 se pueden encontrar los diferentes enlaces para acceder a las reuniones.<\/p>\n\n\n\n<p>Desde la Direcci\u00f3n de Planificaci\u00f3n de la Calidad Educativa informaron que el material que se prepar\u00f3 est\u00e1 basado en una serie de variables e indicadores para que los equipos de las escuelas busquen informaci\u00f3n sobre esos indicadores como por ejemplo trayectorias escolares, convivencia escolar, programas y proyectos, tiempo escolar entre otros temas.<\/p>\n\n\n\n<p>\u201cLa idea es que cada instituci\u00f3n arme como una radiograf\u00eda escolar con la informaci\u00f3n que relevaron y presentarla en un documento a los docentes\u201d, explic\u00f3 N\u00e9lida Amalia, directora de Planificaci\u00f3n de la Calidad Educativa.<\/p>\n\n\n\n<p>\u201cEl d\u00eda 17 y 18 de diciembre los docentes podr\u00e1n trabajar analizando los indicadores a partir de preguntas que hemos formulado y la finalidad es que entre todos puedan identificar los problemas que tienenlas escuelas y trabajar\u00e1n sobre las posibles causas de esos problemas\u201d, agreg\u00f3 Maluf.<\/p>\n\n\n\n<p>\u201cUna vez que identifiquen las dificultades podr\u00e1n redactar las acciones para el 2025 que ser\u00e1n retomadas en las jornadas del ciclo lectivo 2025. Por lo tanto, el primer d\u00eda trabajaremos con lo que es autoevaluaci\u00f3n institucional a partir de datos y evidencias. La idea es profundizar las causas y establecer l\u00edneas generales para el 2025\u201d, indic\u00f3 la directora de Planificaci\u00f3n.<\/p>\n\n\n\n<p>Para el segundo d\u00eda, desde el gobierno escolar destacaron que se trabajar\u00e1 sobre temas espec\u00edficos de cada instituci\u00f3n y que se realizar\u00e1n acciones sobre bienestar docente.<\/p>\n\n\n\n<p><strong>Fuente: www.diariomendoza.com.ar<\/strong><\/p>\n","protected":false},"excerpt":{"rendered":"<p>La Direcci\u00f3n General de Escuelas comunica que\u00a0los d\u00edas martes 17 y mi\u00e9rcoles 18 de diciembre se desarrollar\u00e1n las Jornadas Institucionales en todas las\u00a0escuelas de la provincia,\u00a0denominadas\u00a0Autoevaluaci\u00f3n para la mejora.\u00a0Seg\u00fan qued\u00f3 establecido en el memor\u00e1ndum N 09282374, las escuelas ya pueden acceder al material de trabajo por medio del siguiente enlace:\u00a0www.mendoza.edu.ar\/jornadas-institucionales-diciembre-2024. Tambi\u00e9n se informa que el [&hellip;]<\/p>\n","protected":false},"author":2,"featured_media":10543,"comment_status":"open","ping_status":"open","sticky":false,"template":"","format":"standard","meta":[],"categories":[56],"tags":[],"_links":{"self":[{"href":"https:\/\/pasaenmendoza.com\/index.php?rest_route=\/wp\/v2\/posts\/10542"}],"collection":[{"href":"https:\/\/pasaenmendoza.com\/index.php?rest_route=\/wp\/v2\/posts"}],"about":[{"href":"https:\/\/pasaenmendoza.com\/index.php?rest_route=\/wp\/v2\/types\/post"}],"author":[{"embeddable":true,"href":"https:\/\/pasaenmendoza.com\/index.php?rest_route=\/wp\/v2\/users\/2"}],"replies":[{"embeddable":true,"href":"https:\/\/pasaenmendoza.com\/index.php?rest_route=%2Fwp%2Fv2%2Fcomments&post=10542"}],"version-history":[{"count":1,"href":"https:\/\/pasaenmendoza.com\/index.php?rest_route=\/wp\/v2\/posts\/10542\/revisions"}],"predecessor-version":[{"id":10544,"href":"https:\/\/pasaenmendoza.com\/index.php?rest_route=\/wp\/v2\/posts\/10542\/revisions\/10544"}],"wp:featuredmedia":[{"embeddable":true,"href":"https:\/\/pasaenmendoza.com\/index.php?rest_route=\/wp\/v2\/media\/10543"}],"wp:attachment":[{"href":"https:\/\/pasaenmendoza.com\/index.php?rest_route=%2Fwp%2Fv2%2Fmedia&parent=10542"}],"wp:term":[{"taxonomy":"category","embeddable":true,"href":"https:\/\/pasaenmendoza.com\/index.php?rest_route=%2Fwp%2Fv2%2Fcategories&post=10542"},{"taxonomy":"post_tag","embeddable":true,"href":"https:\/\/pasaenmendoza.com\/index.php?rest_route=%2Fwp%2Fv2%2Ftags&post=10542"}],"curies":[{"name":"wp","href":"https:\/\/api.w.org\/{rel}","templated":true}]}}