{"id":10549,"date":"2024-12-11T18:30:58","date_gmt":"2024-12-11T17:30:58","guid":{"rendered":"https:\/\/pasaenmendoza.com\/?p=10549"},"modified":"2024-12-11T18:30:59","modified_gmt":"2024-12-11T17:30:59","slug":"cornejo-agilizo-las-adopciones-en-mendoza-y-hay-un-aumento-en-la-cantidad-de-adoptantes","status":"publish","type":"post","link":"https:\/\/pasaenmendoza.com\/?p=10549","title":{"rendered":"Cornejo agiliz\u00f3 las adopciones en Mendoza y hay un aumento en la cantidad de adoptantes"},"content":{"rendered":"\n<p>En \u00e9poca de balances, y entre los varios an\u00e1lisis sobre los vaivenes de la econom\u00eda,\u00a0<strong>Alfredo Cornejo<\/strong>\u00a0solt\u00f3 un dato de su primer a\u00f1o de gesti\u00f3n que evidentemente lo deja satisfecho: &#8220;Hemos logrado superar las\u00a0<strong>120<\/strong>\u00a0<strong>adopciones en Mendoza<\/strong>\u00a0y para nosotros eso es un gran logro, porque desde que asumimos nos propusimos sacar a los chicos de los hogares del Estado y darles una familia&#8221;, dijo.<\/p>\n\n\n\n<p>El dato oficial que manejan el Gobierno y el Poder Judicial indica que<strong>&nbsp;hasta noviembre se hab\u00edan concretado 124 vinculaciones<\/strong>&nbsp;de chicos en condici\u00f3n de ser adoptados con sus familias adoptivas, lo que les hace pensar que al t\u00e9rmino de ese 2024 podr\u00e1n&nbsp;<strong>superar el r\u00e9cord de 130 vinculaciones con las que termin\u00f3 el 2023.<\/strong><\/p>\n\n\n\n<p>Pero adem\u00e1s, tanto en el Ministerio de Educaci\u00f3n, Cultura e Infancias, como en la Suprema Corte, se jactan de haber\u00a0<strong>acelerado los tiempos de esas adopciones<\/strong>\u00a0y aseguran que el hecho de haber roto con gran parte de la burocracia que rodeaba a todo el proceso de adopci\u00f3n hace que haya m\u00e1s inscriptos como aspirantes a ser padres adoptivos y eso les abre a los chicos una gran posibilidad de conseguir un hogar.<\/p>\n\n\n\n<p>La muestra est\u00e1 en la coordinaci\u00f3n que se logr\u00f3 generar entre el trabajo que hacen los&nbsp;<strong>Equipos T\u00e9cnicos Interdisciplinarios (ETI)<\/strong>&nbsp;que son los que toman las primeras medidas de protecci\u00f3n de&nbsp;<strong>derechos de los ni\u00f1os&nbsp;<\/strong>que deben dejar su familia de origen, con la&nbsp;<strong>Direcci\u00f3n de Cuidados Alternativos<\/strong>&nbsp;que depende del Poder Ejecutivo, y el Registro Provincial de Adopci\u00f3n dependiente del Poder Judicial.<\/p>\n\n\n\n<p>&#8220;Hemos logrado un mayor v\u00ednculo entre los equipos que trabajan en una adopci\u00f3n, tener un mayor contacto con las personas inscriptas para adoptar en el Registro \u00danico de Adopci\u00f3n y reducir tambi\u00e9n los plazos para definir un\u00a0estado de adoptabilidad\u00a0que es lo que define el juez&#8221;, explic\u00f3 la jueza de la Suprema Corte,\u00a0<strong>Mar\u00eda Teresa Day<\/strong>, quien est\u00e1 a cargo de los\u00a0<strong>Juzgados de Familia<\/strong>.<\/p>\n\n\n\n<p>Esos cambios a los que aludi\u00f3 Day se materializaron en los n\u00fameros que rodean las adopciones en Mendoza y en el \u00e9xito de las&nbsp;<strong>vinculaciones&nbsp;<\/strong>que se hicieron.<\/p>\n\n\n\n<p>&#8220;Las&nbsp;<strong>vinculaciones&nbsp;<\/strong>en el 2022 fueron s\u00f3lo 92, hasta ese momento s\u00f3lo se inscrib\u00edan entre 90 y 100 adoptantes y el 50% de las vinculaciones de grupos de hermanos fracasaban. Todo eso mejor\u00f3: este a\u00f1o se inscribieron 160 adoptantes, y s\u00f3lo fracasaron dos vinculaciones de 18 grupos de hermanos que ya encontraron una familia&#8221;, rescatan desde el Poder Judicial.<\/p>\n\n\n\n<p>A ellos se suma que hasta ahora hay 156 chicos m\u00e1s que ya tienen la&nbsp;<strong>condici\u00f3n de ser adoptados<\/strong>&nbsp;otorgada por un juez.<\/p>\n\n\n\n<p>Hay que recordar que cuando un ni\u00f1o es separado de su familia de origen, interviene el ETI que es parte del&nbsp;<strong>Ministerio de Educaci\u00f3n, Cultura e Infancias<\/strong>. Ese equipo de profesionales buscan vincularlo con alguien de su familia extendida como puede ser un t\u00edo o un abuelo. Si ese v\u00ednculo no se da, interviene la&nbsp;<strong>Direcci\u00f3n de Cuidados Alternativos<\/strong>, que depende del Poder Judicial, y define el ingreso de ese chico a un<strong>&nbsp;hogar del Estado<\/strong>.<\/p>\n\n\n\n<p>M\u00e1s tarde, esa direcci\u00f3n es quien determina la posibilidad de que ese ni\u00f1o pueda vincularse con una&nbsp;<strong>familia adoptiva<\/strong>. Finalmente, luego de varias intervenciones, el juez de familia ser\u00e1 quien determine el estado de adoptabilidad de ese chico, que es el paso previo a encontrar una familia.<\/p>\n\n\n\n<p>&#8220;Uno de los mayores logros que podemos ver es que hemos conseguido avanzar en la&nbsp;<strong>adopci\u00f3n de grupos de hermanos<\/strong>. Este a\u00f1o hemos vinculado 18 de esos grupos, algo que anteriormente fracasaba o directamente no avanzaban porque los adoptantes siempre prefieren a ni\u00f1os menores de 6 meses. Muchos de ellos lograron tener una misma familia, y otros fueron adoptados por distintas familias y hemos logrado avanzar en que ellos se sigan viendo&#8221;, puntualiz\u00f3 Day.<\/p>\n\n\n\n<h2 class=\"wp-block-heading\">Un proyecto para agilizar a\u00fan m\u00e1s las adopciones en Mendoza<\/h2>\n\n\n\n<p>Pese a que se logr\u00f3&nbsp;<strong>acelerar el proceso<\/strong>, tanto en Casa de Gobierno como en el Poder Judicial entienden que se puede agilizar a\u00fan m\u00e1s.<\/p>\n\n\n\n<p>Cuentan que hasta el 2021 un pretenso adoptante esperaba m\u00e1s de dos a\u00f1os y medio entre que se inscrib\u00eda en el\u00a0<strong>Registro \u00danico<\/strong>\u00a0y ten\u00eda su primera entrevista con vistas a una posible\u00a0<strong>adopci\u00f3n<\/strong>. Hoy quien se inscribe es convocado casi en el acto y todos los meses mantienen reuniones en pos de ver si ellos pretenden ampliar sus condiciones para adoptar a un chico o un grupo de hermanos. O si podr\u00edan adoptar a un peque\u00f1o con discapacidad.<\/p>\n\n\n\n<p>Pero aun as\u00ed, el gobernador<strong>&nbsp;Alfredo Cornejo<\/strong>&nbsp;ya envi\u00f3 a la Legislatura un proyecto para&nbsp;<strong>&#8220;desburocratizar&#8221; los procesos de adopci\u00f3n<\/strong>, y remarc\u00f3 que la reforma no solo moderniza el sistema e incorpora herramientas como las&nbsp;<strong>notificaciones electr\u00f3nicas<\/strong>&nbsp;para mayor agilidad y seguridad jur\u00eddica, sino que tambi\u00e9n propone medidas concretas para fortalecer el v\u00ednculo afectivo entre los ni\u00f1os y sus familias adoptivas. Esa iniciativa ya se analiza en el Senado.<\/p>\n\n\n\n<p>Cornejo destac\u00f3 adem\u00e1s: &#8220;Sabemos que cada d\u00eda que pasa es fundamental para consolidar ese\u00a0<strong>v\u00ednculo<\/strong>\u00a0y que los procesos no pueden ser un impacto para la identidad y la estabilidad emocional de cada uno de ellos\u201d.<\/p>\n\n\n\n<p><strong>Fuente: www.diariouno.com.ar<\/strong><\/p>\n","protected":false},"excerpt":{"rendered":"<p>En \u00e9poca de balances, y entre los varios an\u00e1lisis sobre los vaivenes de la econom\u00eda,\u00a0Alfredo Cornejo\u00a0solt\u00f3 un dato de su primer a\u00f1o de gesti\u00f3n que evidentemente lo deja satisfecho: &#8220;Hemos logrado superar las\u00a0120\u00a0adopciones en Mendoza\u00a0y para nosotros eso es un gran logro, porque desde que asumimos nos propusimos sacar a los chicos de los hogares [&hellip;]<\/p>\n","protected":false},"author":2,"featured_media":10550,"comment_status":"open","ping_status":"open","sticky":false,"template":"","format":"standard","meta":[],"categories":[50],"tags":[],"_links":{"self":[{"href":"https:\/\/pasaenmendoza.com\/index.php?rest_route=\/wp\/v2\/posts\/10549"}],"collection":[{"href":"https:\/\/pasaenmendoza.com\/index.php?rest_route=\/wp\/v2\/posts"}],"about":[{"href":"https:\/\/pasaenmendoza.com\/index.php?rest_route=\/wp\/v2\/types\/post"}],"author":[{"embeddable":true,"href":"https:\/\/pasaenmendoza.com\/index.php?rest_route=\/wp\/v2\/users\/2"}],"replies":[{"embeddable":true,"href":"https:\/\/pasaenmendoza.com\/index.php?rest_route=%2Fwp%2Fv2%2Fcomments&post=10549"}],"version-history":[{"count":1,"href":"https:\/\/pasaenmendoza.com\/index.php?rest_route=\/wp\/v2\/posts\/10549\/revisions"}],"predecessor-version":[{"id":10551,"href":"https:\/\/pasaenmendoza.com\/index.php?rest_route=\/wp\/v2\/posts\/10549\/revisions\/10551"}],"wp:featuredmedia":[{"embeddable":true,"href":"https:\/\/pasaenmendoza.com\/index.php?rest_route=\/wp\/v2\/media\/10550"}],"wp:attachment":[{"href":"https:\/\/pasaenmendoza.com\/index.php?rest_route=%2Fwp%2Fv2%2Fmedia&parent=10549"}],"wp:term":[{"taxonomy":"category","embeddable":true,"href":"https:\/\/pasaenmendoza.com\/index.php?rest_route=%2Fwp%2Fv2%2Fcategories&post=10549"},{"taxonomy":"post_tag","embeddable":true,"href":"https:\/\/pasaenmendoza.com\/index.php?rest_route=%2Fwp%2Fv2%2Ftags&post=10549"}],"curies":[{"name":"wp","href":"https:\/\/api.w.org\/{rel}","templated":true}]}}