{"id":10558,"date":"2024-12-12T13:24:47","date_gmt":"2024-12-12T12:24:47","guid":{"rendered":"https:\/\/pasaenmendoza.com\/?p=10558"},"modified":"2024-12-12T13:24:48","modified_gmt":"2024-12-12T12:24:48","slug":"el-tiempo-en-mendoza-para-este-jueves-combo-de-calor-tormentas-granizo-y-zonda","status":"publish","type":"post","link":"https:\/\/pasaenmendoza.com\/?p=10558","title":{"rendered":"El tiempo en Mendoza para este jueves: combo de calor, tormentas, granizo y Zonda"},"content":{"rendered":"\n<p>La<strong>&nbsp;temperatura m\u00e1xima para este jueves ser\u00e1 de 31 grados cent\u00edgrados<\/strong>, mientras que&nbsp;<strong>la m\u00ednima alcanzar\u00e1 los 20 grados<\/strong>, por lo que las noches seguir\u00e1n elevadas en el term\u00f3metro.<\/p>\n\n\n\n<p>El pron\u00f3stico de la&nbsp;<strong>Direcci\u00f3n de Contingencias Clim\u00e1ticas<\/strong>&nbsp;adelant\u00f3 que estar\u00e1 \u201c<em>parcialmente nublado y ventoso con descenso de la temperatura, vientos moderados del sector sur<\/em>\u201c.<\/p>\n\n\n\n<p>Se mantiene el alerta por \u201c<strong><em>tormentas aisladas<\/em><\/strong>\u201c. De hecho,\u00a0<strong>para la madrugada de este jueves, no descartan la ca\u00edda de granizo en algunas zonas.<\/strong><\/p>\n\n\n\n<p>El&nbsp;<strong>Servicio Meteorol\u00f3gico Nacional<\/strong>&nbsp;advirti\u00f3 que hay&nbsp;<strong>alerta en nivel amarillo<\/strong>&nbsp;para el&nbsp;<strong>este de Las Heras, La Paz, Lavalle, San Mart\u00edn y Santa Rosa,<\/strong>&nbsp;tanto para la madrugada como para la tarde del jueves.<\/p>\n\n\n\n<p>Esto implica: \u201c<em>El \u00e1rea ser\u00e1 afectada por\u00a0<strong>tormentas aisladas, algunas localmente fuertes<\/strong>. Las mismas podr\u00e1n estar acompa\u00f1adas por\u00a0<strong>abundante ca\u00edda de agua<\/strong>\u00a0en cortos periodos,\u00a0<strong>actividad el\u00e9ctrica fuerte, r\u00e1fagas entre 50 y 90 kil\u00f3metros por hora<\/strong>, y\u00a0<strong>posible ca\u00edda de granizo.<\/strong>\u00a0Se esperan valores de\u00a0<strong>precipitaci\u00f3n acumulada entre 20 y 40 mil\u00edmetros<\/strong>, pudiendo ser superados de forma puntual<\/em>\u201c.<\/p>\n\n\n\n<p>Adem\u00e1s, el&nbsp;<strong>viento Zonda<\/strong>&nbsp;contin\u00faa \u201ccastigando\u201d en&nbsp;<strong>Malarg\u00fce.<\/strong><\/p>\n\n\n\n<p>Para aquellos que viajen a\u00a0<strong>Chile<\/strong>: estar\u00e1 \u201c<em>parcialmente nublado en cordillera<\/em>\u201c.<\/p>\n\n\n\n<p><strong>Fuente: www.elsol.com.ar<\/strong><\/p>\n","protected":false},"excerpt":{"rendered":"<p>La&nbsp;temperatura m\u00e1xima para este jueves ser\u00e1 de 31 grados cent\u00edgrados, mientras que&nbsp;la m\u00ednima alcanzar\u00e1 los 20 grados, por lo que las noches seguir\u00e1n elevadas en el term\u00f3metro. El pron\u00f3stico de la&nbsp;Direcci\u00f3n de Contingencias Clim\u00e1ticas&nbsp;adelant\u00f3 que estar\u00e1 \u201cparcialmente nublado y ventoso con descenso de la temperatura, vientos moderados del sector sur\u201c. Se mantiene el alerta por [&hellip;]<\/p>\n","protected":false},"author":2,"featured_media":10559,"comment_status":"open","ping_status":"open","sticky":false,"template":"","format":"standard","meta":[],"categories":[52],"tags":[],"_links":{"self":[{"href":"https:\/\/pasaenmendoza.com\/index.php?rest_route=\/wp\/v2\/posts\/10558"}],"collection":[{"href":"https:\/\/pasaenmendoza.com\/index.php?rest_route=\/wp\/v2\/posts"}],"about":[{"href":"https:\/\/pasaenmendoza.com\/index.php?rest_route=\/wp\/v2\/types\/post"}],"author":[{"embeddable":true,"href":"https:\/\/pasaenmendoza.com\/index.php?rest_route=\/wp\/v2\/users\/2"}],"replies":[{"embeddable":true,"href":"https:\/\/pasaenmendoza.com\/index.php?rest_route=%2Fwp%2Fv2%2Fcomments&post=10558"}],"version-history":[{"count":1,"href":"https:\/\/pasaenmendoza.com\/index.php?rest_route=\/wp\/v2\/posts\/10558\/revisions"}],"predecessor-version":[{"id":10560,"href":"https:\/\/pasaenmendoza.com\/index.php?rest_route=\/wp\/v2\/posts\/10558\/revisions\/10560"}],"wp:featuredmedia":[{"embeddable":true,"href":"https:\/\/pasaenmendoza.com\/index.php?rest_route=\/wp\/v2\/media\/10559"}],"wp:attachment":[{"href":"https:\/\/pasaenmendoza.com\/index.php?rest_route=%2Fwp%2Fv2%2Fmedia&parent=10558"}],"wp:term":[{"taxonomy":"category","embeddable":true,"href":"https:\/\/pasaenmendoza.com\/index.php?rest_route=%2Fwp%2Fv2%2Fcategories&post=10558"},{"taxonomy":"post_tag","embeddable":true,"href":"https:\/\/pasaenmendoza.com\/index.php?rest_route=%2Fwp%2Fv2%2Ftags&post=10558"}],"curies":[{"name":"wp","href":"https:\/\/api.w.org\/{rel}","templated":true}]}}