{"id":10567,"date":"2024-12-12T15:21:59","date_gmt":"2024-12-12T14:21:59","guid":{"rendered":"https:\/\/pasaenmendoza.com\/?p=10567"},"modified":"2024-12-12T15:22:00","modified_gmt":"2024-12-12T14:22:00","slug":"condenaron-y-liberaron-al-hombre-que-choco-el-porton-de-san-felipe-para-liberar-a-su-primo","status":"publish","type":"post","link":"https:\/\/pasaenmendoza.com\/?p=10567","title":{"rendered":"Condenaron y liberaron al hombre que choc\u00f3 el port\u00f3n de San Felipe para liberar a su primo"},"content":{"rendered":"\n<p>Un episodio que no tiene nada que envidiarle a la pel\u00edcula Relatos Salvajes: se subi\u00f3 a un cami\u00f3n, fue hasta la c\u00e1rcel, exigi\u00f3 que liberen a un familiar y\u00a0choc\u00f3 el\u00a0<strong>port\u00f3n\u00a0<\/strong>de ingreso. Pero ocurri\u00f3 en Mendoza, hace poco m\u00e1s de dos meses, y ahora deriv\u00f3 en una condena contra el protagonista de la particular secuencia ocurrido en el\u00a0<strong>complejo penitenciario San Felipe<\/strong>.<\/p>\n\n\n\n<p>En los \u00faltimos d\u00edas,&nbsp;<strong>Manuel Alejandro D\u00edaz (46)&nbsp;<\/strong>protagoniz\u00f3 un juicio abreviado donde admiti\u00f3 haber cometido el delito de da\u00f1o agravado por ser cometido en venganza de las determinaciones de las autoridades. La pena fue de&nbsp;<strong>un a\u00f1o de prisi\u00f3n en suspenso<\/strong>, por lo que recuper\u00f3 su libertad que quedar\u00e1 atada al cumplimiento de un pu\u00f1ado de normas de conducta que estableci\u00f3 el juez Gabriel Bragagnolo.<\/p>\n\n\n\n<p><strong>Manuel D\u00edaz<\/strong>\u00a0no ten\u00edan muchas chances de ser declarado inocente, ya que fue atrapado pr\u00e1cticamente infraganti y hasta qued\u00f3 filmado cuando protagoniz\u00f3 el hecho el 2 de octubre pasado.<\/p>\n\n\n\n<p>Ese d\u00eda, cerca de las 12.30, lleg\u00f3 con su cami\u00f3n Mercedes Benz con el cual hace mudanzas hasta los portones del\u00a0<strong>complejo San Felipe<\/strong>. Primero advirti\u00f3: &#8220;Denle la libertad a mi primo, porque si no voy a estrellar mi cami\u00f3n contra el port\u00f3n&#8221;. Los penitenciarios le pidieron que se retire del lugar y el hombre accedi\u00f3.<\/p>\n\n\n\n<p>Sin embargo, regres\u00f3 a los pocos minutos en el mismo rodado y comenz\u00f3 a<strong>\u00a0chocar el port\u00f3n\u00a0<\/strong>de ingreso de ese establecimiento penitenciario ubicado entre\u00a0la c\u00e1rcel de Boulogne Sur Mer\u00a0y el Polo Judicial Penal. Claro que fue detenido en el acto y el veh\u00edculo qued\u00f3 secuestrado.<\/p>\n\n\n\n<h2 class=\"wp-block-heading\">El episodio en San Felipe y la violencia de g\u00e9nero<\/h2>\n\n\n\n<p>El episodio ocurrido en el ingreso a la<strong>\u00a0c\u00e1rcel de San Felipe<\/strong>\u00a0no fue el \u00fanico expediente por el cual fue condenado<strong>\u00a0Manuel D\u00edaz<\/strong>. En el juicio abreviado se acumul\u00f3 una causa de\u00a0<strong>violencia de g\u00e9nero<\/strong>\u00a0contra su expareja, en la cual el hombre tambi\u00e9n admiti\u00f3 ser el autor, en este caso, de los delitos de desobediencia a una orden judicial y amenazas.<\/p>\n\n\n\n<p>La investigaci\u00f3n reconstruy\u00f3 que el 14 de septiembre pasado en horas de la noche se present\u00f3 en la casa de la mujer, de quien se encuentra separado, tiene un hijo en com\u00fan y una restricci\u00f3n de acercamiento dispuesta por la Justicia de Familia. Pese a esa medida,\u00a0<strong>Manuel D\u00edaz<\/strong>\u00a0lleg\u00f3 al lugar y la amenaz\u00f3 con que regresar\u00eda de un viaje y le quitar\u00eda la vida: &#8220;Cuando vuelva de Buenos Aires, te mato&#8221;. La v\u00edctima hizo la denuncia online de inmediato y luego la ratific\u00f3 en sede judicial.<\/p>\n\n\n\n<p><strong>Fuente: www.diariouno.com.ar<\/strong><a rel=\"noreferrer noopener\" href=\"https:\/\/www.facebook.com\/dialog\/feed?app_id=161316767303985&amp;link=https%3A%2F%2Fwww.diariouno.com.ar%2Fjudiciales%2Fcondenaron-y-liberaron-al-hombre-que-choco-el-porton-san-felipe-liberar-su-primo-n1382504&amp;name=Condenaron+y+liberaron+al+hombre+que+choc%C3%B3+el+port%C3%B3n+de+San+Felipe+para+liberar+a+su+primo&amp;caption=San+Felipe&amp;description=Manuel+Alejandro+D%C3%ADaz+%2846%29+fue+sentenciado+a+1+a%C3%B1o+de+c%C3%A1rcel+por+los+da%C3%B1os+que+gener%C3%B3+en+la+c%C3%A1rcel+de+San+Felipe+y+por+otra+causa+de+violencia+de+g%C3%A9nero&amp;redirect_uri=https%3A%2F%2Fwww.diariouno.com.ar%2Fjudiciales%2Fcondenaron-y-liberaron-al-hombre-que-choco-el-porton-san-felipe-liberar-su-primo-n1382504\" target=\"_blank\"><\/a><\/p>\n","protected":false},"excerpt":{"rendered":"<p>Un episodio que no tiene nada que envidiarle a la pel\u00edcula Relatos Salvajes: se subi\u00f3 a un cami\u00f3n, fue hasta la c\u00e1rcel, exigi\u00f3 que liberen a un familiar y\u00a0choc\u00f3 el\u00a0port\u00f3n\u00a0de ingreso. Pero ocurri\u00f3 en Mendoza, hace poco m\u00e1s de dos meses, y ahora deriv\u00f3 en una condena contra el protagonista de la particular secuencia ocurrido [&hellip;]<\/p>\n","protected":false},"author":2,"featured_media":10568,"comment_status":"open","ping_status":"open","sticky":false,"template":"","format":"standard","meta":[],"categories":[48],"tags":[],"_links":{"self":[{"href":"https:\/\/pasaenmendoza.com\/index.php?rest_route=\/wp\/v2\/posts\/10567"}],"collection":[{"href":"https:\/\/pasaenmendoza.com\/index.php?rest_route=\/wp\/v2\/posts"}],"about":[{"href":"https:\/\/pasaenmendoza.com\/index.php?rest_route=\/wp\/v2\/types\/post"}],"author":[{"embeddable":true,"href":"https:\/\/pasaenmendoza.com\/index.php?rest_route=\/wp\/v2\/users\/2"}],"replies":[{"embeddable":true,"href":"https:\/\/pasaenmendoza.com\/index.php?rest_route=%2Fwp%2Fv2%2Fcomments&post=10567"}],"version-history":[{"count":1,"href":"https:\/\/pasaenmendoza.com\/index.php?rest_route=\/wp\/v2\/posts\/10567\/revisions"}],"predecessor-version":[{"id":10569,"href":"https:\/\/pasaenmendoza.com\/index.php?rest_route=\/wp\/v2\/posts\/10567\/revisions\/10569"}],"wp:featuredmedia":[{"embeddable":true,"href":"https:\/\/pasaenmendoza.com\/index.php?rest_route=\/wp\/v2\/media\/10568"}],"wp:attachment":[{"href":"https:\/\/pasaenmendoza.com\/index.php?rest_route=%2Fwp%2Fv2%2Fmedia&parent=10567"}],"wp:term":[{"taxonomy":"category","embeddable":true,"href":"https:\/\/pasaenmendoza.com\/index.php?rest_route=%2Fwp%2Fv2%2Fcategories&post=10567"},{"taxonomy":"post_tag","embeddable":true,"href":"https:\/\/pasaenmendoza.com\/index.php?rest_route=%2Fwp%2Fv2%2Ftags&post=10567"}],"curies":[{"name":"wp","href":"https:\/\/api.w.org\/{rel}","templated":true}]}}