{"id":10570,"date":"2024-12-12T22:09:52","date_gmt":"2024-12-12T21:09:52","guid":{"rendered":"https:\/\/pasaenmendoza.com\/?p=10570"},"modified":"2024-12-12T22:09:52","modified_gmt":"2024-12-12T21:09:52","slug":"el-presidente-de-la-ucr-blanqueo-que-evaluan-aliarse-con-los-libertarios-para-las-elecciones-2025","status":"publish","type":"post","link":"https:\/\/pasaenmendoza.com\/?p=10570","title":{"rendered":"El presidente de la UCR blanque\u00f3 que eval\u00faan aliarse con los libertarios para las elecciones 2025"},"content":{"rendered":"\n<p>Ya no es s\u00f3lo una vaga idea que sobrevuela. En la\u00a0<strong>UCR<\/strong>\u00a0mendocina cobra fuerza la posibilidad de aliarse con\u00a0<strong>La Libertad Avanza<\/strong>\u00a0para competir juntos en las pr\u00f3ximas elecciones legislativas del 2025. As\u00ed lo blanque\u00f3 el presidente partidario y l\u00edder de la C\u00e1mara de Diputados,\u00a0<strong>Andres\u00a0<em>&#8220;Peti&#8221;\u00a0<\/em>Lombardi<\/strong>, que resalt\u00f3 la coincidencias de pol\u00edticas de gesti\u00f3n con el partido de Javier Milei.<\/p>\n\n\n\n<p>&#8220;Hay confluencias de programas, lo que hay que poner en la mesa es en qu\u00e9 parte del programa se acompa\u00f1a. Nosotros para Mendoza tenemos un modelo que tiene\u00a0<strong>coincidencias<\/strong>\u00a0con el Gobierno de Milei, pero tenemos diferencias tambi\u00e9n&#8221;, reconoci\u00f3 Lombardi.<\/p>\n\n\n\n<p>Y se encarg\u00f3 de enumerar esas coincidencias con las medias que viene implementando el Gobierno libertario, no sin resaltar que varias de ellas ya se implementan en Mendoza desde hace tiempo.<\/p>\n\n\n\n<p>&#8220;Cuando el Gobierno nacional tiende a ordenar la macroeconom\u00eda, tiende a bajar la inflaci\u00f3n, a desregular mercados y bajar impuestos, tiene que ver con lo que nosotros venimos haciendo. Mendoza hace 6 a\u00f1os que viene bajando impuestos y hace 8 a\u00f1os que tiene equilibrio fiscal, y si un gobierno nacional dice vamos a llevar adelante el equilibrio fiscal, nosotros aplaudimos porque es nuestro esquema de gobierno&#8221; se vanaglori\u00f3.<\/p>\n\n\n\n<p>Las definiciones de Lombardi se sostienen tambi\u00e9n en los indicios que ya viene dando el mismo gobernador Alfredo Cornejo, estratega de las jugadas electorales que viene haciendo el frente Cambia Mendoza desde las elecciones del 2015 a la fecha.<\/p>\n\n\n\n<p>El mandatario admiti\u00f3 que &#8220;el gobierno de<strong>\u00a0Cambia Mendoza tiene much\u00edsima coincidencia con el gobierno nacional. No estar\u00eda mal si fuesen juntos<\/strong>, pero por convicci\u00f3n. No habr\u00eda que forzar una cosa que no tenga convicci\u00f3n&#8221;, se aventur\u00f3.<\/p>\n\n\n\n<p>Aunque, en paralelo, se encarg\u00f3 de resaltar que la UCR que \u00e9l lidera y La Libertad Avanza &#8220;que es un partido nuevo, que se est\u00e1 formando, no tenemos una historia com\u00fan&#8221; y hasta se quej\u00f3 de la dificultad de encontrar un interlocutor v\u00e1lido de los libertarios: &#8220;Todo el mundo habla en nombre de Milei en Mendoza, pero s\u00f3lo el gobierno nacional, o quiz\u00e1s Facundo Correa Llano, puedan hacer eso. El resto se atribuyen la representaci\u00f3n&#8221;.<\/p>\n\n\n\n<h2 class=\"wp-block-heading\">Las diferencias y los reclamos de la UCR a la gesti\u00f3n de Javier Milei<\/h2>\n\n\n\n<p>As\u00ed como plante\u00f3 las medidas con las que acuerdan con la Naci\u00f3n, Lombardi tambi\u00e9n se vio forzado a marcar las diferencias con la gesti\u00f3n libertaria.<\/p>\n\n\n\n<p>En ese listado puso la defensa de la educaci\u00f3n p\u00fablica en la que se enlist\u00f3 la&nbsp;<strong>UCR<\/strong>&nbsp;y varios de sus funcionarios, sobretodo cuando se discuti\u00f3 la ley de financiamiento universitario.<\/p>\n\n\n\n<p>Y sum\u00f3 los reclamos por el estado de la<strong>\u00a0Ruta Nacional 7<\/strong>\u00a0que hizo puntualmente el ministro de Gobierno, Natalio Mema.<\/p>\n\n\n\n<p>Hay que recordar que el funcionario viaj\u00f3 a Buenos Aires y trajo la confirmaci\u00f3n de que el Ejecutivo nacional licitar\u00e1 de forma directa las obras de esa ruta a partir del pr\u00f3ximo a\u00f1o. &#8220;Nosotros les pedimos celeridad en los trabajos tanto para ayudar a los transportistas como para el turismo interno&#8221;, afirm\u00f3.<\/p>\n\n\n\n<p>Lombardi tambi\u00e9n sum\u00f3 a su queja el escaso avance en los\u00a0<strong>dos puentes ca\u00eddos de la ruta 40.<\/strong>\u00a0&#8220;Llevan entre 4 y 5 a\u00f1os ca\u00eddos, y Milei lleva uno de gesti\u00f3n, osea que los cuatros a\u00f1os de inacci\u00f3n de esa obra fueron del Gobierno anterior, digo por si no quieren nombrar a Alberto Fern\u00e1ndez&#8221;, chicane\u00f3.<\/p>\n\n\n\n<p><strong>Fuente: www.diariouno.com.ar<\/strong><\/p>\n","protected":false},"excerpt":{"rendered":"<p>Ya no es s\u00f3lo una vaga idea que sobrevuela. En la\u00a0UCR\u00a0mendocina cobra fuerza la posibilidad de aliarse con\u00a0La Libertad Avanza\u00a0para competir juntos en las pr\u00f3ximas elecciones legislativas del 2025. As\u00ed lo blanque\u00f3 el presidente partidario y l\u00edder de la C\u00e1mara de Diputados,\u00a0Andres\u00a0&#8220;Peti&#8221;\u00a0Lombardi, que resalt\u00f3 la coincidencias de pol\u00edticas de gesti\u00f3n con el partido de Javier [&hellip;]<\/p>\n","protected":false},"author":2,"featured_media":10571,"comment_status":"open","ping_status":"open","sticky":false,"template":"","format":"standard","meta":[],"categories":[47],"tags":[],"_links":{"self":[{"href":"https:\/\/pasaenmendoza.com\/index.php?rest_route=\/wp\/v2\/posts\/10570"}],"collection":[{"href":"https:\/\/pasaenmendoza.com\/index.php?rest_route=\/wp\/v2\/posts"}],"about":[{"href":"https:\/\/pasaenmendoza.com\/index.php?rest_route=\/wp\/v2\/types\/post"}],"author":[{"embeddable":true,"href":"https:\/\/pasaenmendoza.com\/index.php?rest_route=\/wp\/v2\/users\/2"}],"replies":[{"embeddable":true,"href":"https:\/\/pasaenmendoza.com\/index.php?rest_route=%2Fwp%2Fv2%2Fcomments&post=10570"}],"version-history":[{"count":1,"href":"https:\/\/pasaenmendoza.com\/index.php?rest_route=\/wp\/v2\/posts\/10570\/revisions"}],"predecessor-version":[{"id":10572,"href":"https:\/\/pasaenmendoza.com\/index.php?rest_route=\/wp\/v2\/posts\/10570\/revisions\/10572"}],"wp:featuredmedia":[{"embeddable":true,"href":"https:\/\/pasaenmendoza.com\/index.php?rest_route=\/wp\/v2\/media\/10571"}],"wp:attachment":[{"href":"https:\/\/pasaenmendoza.com\/index.php?rest_route=%2Fwp%2Fv2%2Fmedia&parent=10570"}],"wp:term":[{"taxonomy":"category","embeddable":true,"href":"https:\/\/pasaenmendoza.com\/index.php?rest_route=%2Fwp%2Fv2%2Fcategories&post=10570"},{"taxonomy":"post_tag","embeddable":true,"href":"https:\/\/pasaenmendoza.com\/index.php?rest_route=%2Fwp%2Fv2%2Ftags&post=10570"}],"curies":[{"name":"wp","href":"https:\/\/api.w.org\/{rel}","templated":true}]}}