{"id":10573,"date":"2024-12-12T22:24:16","date_gmt":"2024-12-12T21:24:16","guid":{"rendered":"https:\/\/pasaenmendoza.com\/?p=10573"},"modified":"2024-12-12T22:24:16","modified_gmt":"2024-12-12T21:24:16","slug":"un-centenar-de-medicos-ya-cobran-por-productividad-y-hay-600-solicitudes-para-el-nuevo-regimen-salarial","status":"publish","type":"post","link":"https:\/\/pasaenmendoza.com\/?p=10573","title":{"rendered":"Un centenar de m\u00e9dicos ya cobran por productividad y hay 600 solicitudes para el nuevo r\u00e9gimen salarial"},"content":{"rendered":"\n<p>El Ministerio de Salud incorpor\u00f3 la primera tanda de\u00a0100 m\u00e9dicos\u00a0que cambiaron al nuevo<strong>\u00a0r\u00e9gimen salarial\u00a0<\/strong>por objetivos y productividad, con el cual el gobierno de Alfredo Cornejo aspira a fortalecer el sistema de salud. Adem\u00e1s analiza\u00a0<strong>otras 600 solicitudes<\/strong>\u00a0para terminar el a\u00f1o con un total de 150 galenos que pueden llegar a duplicar sus ingresos prestando funciones a contraturno en un mismo hospital o centro de salud.<\/p>\n\n\n\n<p>Fuentes del organismo aseguraron que el recurso humano priorizado se focaliza en los centros de salud y otras instituciones de&nbsp;<strong>atenci\u00f3n primaria<\/strong>, como m\u00e9dicos de familia y pediatras, entre otras especializadas que realizan trabajo en terreno. Mientras tanto, Ampros present\u00f3 una acci\u00f3n de<strong>&nbsp;inconstitucionalidad<\/strong>&nbsp;y esperan definiciones en la Justicia.<\/p>\n\n\n\n<p>De acuerdo a la proyecci\u00f3n que hizo el ministro Rodolfo Montero, se espera que a fin de a\u00f1o haya 150 m\u00e9dicos en el r\u00e9gimen que\u00a0<strong>premia a quienes realizan mayor carga horaria y trabajan conforme a los objetivos<\/strong>\u00a0planteados por el director de las instituciones m\u00e9dicas.<\/p>\n\n\n\n<p>El paso al&nbsp;<strong>nuevo r\u00e9gimen es voluntario y est\u00e1 pensado para que el m\u00e9dico concentre m\u00e1s horas,<\/strong>&nbsp;adem\u00e1s del servicio que tiene asignado y con esto se evite que se vaya al privado y en definitiva -seg\u00fan el Gobierno-&nbsp;<strong>sea m\u00e1s beneficioso para el sistema de salud p\u00fablico<\/strong>&nbsp;y para los usuarios de este.<\/p>\n\n\n\n<p>&#8220;Al m\u00e9dico le va a ir mucho mejor y nosotros vamos a poder atender m\u00e1s gente en los hospitales p\u00fablicos. Es razonable el r\u00e9gimen en ese sentido.\u00a0<strong>Esta estructura viene a cambiar la forma de trabajo<\/strong>, pero tambi\u00e9n la pol\u00edtica de incentivos para que de verdad quienes se formaron durante muchos a\u00f1os tengan un reconocimiento&#8221;, dijo el ministro de Salud al momento de lanzar la iniciativa.<\/p>\n\n\n\n<h2 class=\"wp-block-heading\"><strong>Aument\u00f3 el salario de los m\u00e9dicos que cobran por productividad<\/strong><\/h2>\n\n\n\n<p>La retribuci\u00f3n de los&nbsp;<strong>profesionales m\u00e9dicos<\/strong>&nbsp;estar\u00e1 compuesta por un componente horario y otro de objetivos, pero adem\u00e1s se podr\u00e1 acceder a remuneraci\u00f3n extra por&nbsp;<strong>productividad<\/strong>, lo que tiene beneficios para el profesional pero tambi\u00e9n para el sistema. Para el c\u00e1lculo se utilizar\u00e1 una unidad de medida denominada&nbsp;<strong>Unidad Sanitaria (US)<\/strong>, cuyo valor inicial fue fijado en $180.000 y ahora pas\u00f3 a $207.000.<\/p>\n\n\n\n<p>Con este nuevo esquema, los galenos cumplir\u00e1n sus 30 horas y por fuera de su trabajo regular realizan atenci\u00f3n de pacientes a contraturno y trabajos especiales.<\/p>\n\n\n\n<ul>\n<li>Agrupamiento Servicios M\u00e9dicos de Guardia<\/li>\n\n\n\n<li>Agrupamiento Servicios M\u00e9dicos Cr\u00edticos<\/li>\n\n\n\n<li>Agrupamiento Servicios M\u00e9dicos Asistenciales<\/li>\n\n\n\n<li>Agrupamiento Servicios M\u00e9dicos Sanitarios<\/li>\n\n\n\n<li>Agrupamiento Centro de Salud<\/li>\n<\/ul>\n\n\n\n<h2 class=\"wp-block-heading\"><strong>El a\u00f1o terminar\u00e1 con 150 m\u00e9dicos en el nuevo r\u00e9gimen<\/strong><\/h2>\n\n\n\n<p>El Gobierno de Mendoza espera llegar a terminar el a\u00f1o con 150 m\u00e9dicos dentro del r\u00e9gimen que&nbsp;<strong>premia por productividad y funciona por objetivos<\/strong>, en un proceso que comenz\u00f3 en octubre. Se espera que 200 vayan cambiando de sistema mes a mes hasta llegar a la totalidad de los facultativos.<\/p>\n\n\n\n<p>Quienes est\u00e1n interesados solicitan una&nbsp;<strong>simulaci\u00f3n de sus nuevos haberes<\/strong>&nbsp;a la cartera sanitaria y si aceptan se da por sentado que cambian de r\u00e9gimen salarial.<\/p>\n\n\n\n<p>El cambio que celebra el gobierno est\u00e1 en tensi\u00f3n con la&nbsp;<strong>Asociaci\u00f3n Mendocina de Profesionales de la Salud (Ampros)<\/strong>&nbsp;que present\u00f3 una acci\u00f3n de&nbsp;<strong>inconstitucionalidad&nbsp;<\/strong>por entender que esta reforma es violatoria del convenio colectivo de trabajo.<\/p>\n\n\n\n<p>&#8220;<strong>Quienes cambien de sistema no pueden volver al anterior<\/strong>. Esto vulnera todos los derechos. La presentaci\u00f3n ya est\u00e1 en la Justicia a la espera de novedades. Nosotros estamos con la representaci\u00f3n tanto de los profesionales del r\u00e9gimen anterior como este&#8221;, confirmaron desde Ampros.<\/p>\n\n\n\n<p><strong>Fuente: www.diariouno.com.ar<\/strong><\/p>\n","protected":false},"excerpt":{"rendered":"<p>El Ministerio de Salud incorpor\u00f3 la primera tanda de\u00a0100 m\u00e9dicos\u00a0que cambiaron al nuevo\u00a0r\u00e9gimen salarial\u00a0por objetivos y productividad, con el cual el gobierno de Alfredo Cornejo aspira a fortalecer el sistema de salud. Adem\u00e1s analiza\u00a0otras 600 solicitudes\u00a0para terminar el a\u00f1o con un total de 150 galenos que pueden llegar a duplicar sus ingresos prestando funciones a [&hellip;]<\/p>\n","protected":false},"author":2,"featured_media":10574,"comment_status":"open","ping_status":"open","sticky":false,"template":"","format":"standard","meta":[],"categories":[58],"tags":[],"_links":{"self":[{"href":"https:\/\/pasaenmendoza.com\/index.php?rest_route=\/wp\/v2\/posts\/10573"}],"collection":[{"href":"https:\/\/pasaenmendoza.com\/index.php?rest_route=\/wp\/v2\/posts"}],"about":[{"href":"https:\/\/pasaenmendoza.com\/index.php?rest_route=\/wp\/v2\/types\/post"}],"author":[{"embeddable":true,"href":"https:\/\/pasaenmendoza.com\/index.php?rest_route=\/wp\/v2\/users\/2"}],"replies":[{"embeddable":true,"href":"https:\/\/pasaenmendoza.com\/index.php?rest_route=%2Fwp%2Fv2%2Fcomments&post=10573"}],"version-history":[{"count":1,"href":"https:\/\/pasaenmendoza.com\/index.php?rest_route=\/wp\/v2\/posts\/10573\/revisions"}],"predecessor-version":[{"id":10575,"href":"https:\/\/pasaenmendoza.com\/index.php?rest_route=\/wp\/v2\/posts\/10573\/revisions\/10575"}],"wp:featuredmedia":[{"embeddable":true,"href":"https:\/\/pasaenmendoza.com\/index.php?rest_route=\/wp\/v2\/media\/10574"}],"wp:attachment":[{"href":"https:\/\/pasaenmendoza.com\/index.php?rest_route=%2Fwp%2Fv2%2Fmedia&parent=10573"}],"wp:term":[{"taxonomy":"category","embeddable":true,"href":"https:\/\/pasaenmendoza.com\/index.php?rest_route=%2Fwp%2Fv2%2Fcategories&post=10573"},{"taxonomy":"post_tag","embeddable":true,"href":"https:\/\/pasaenmendoza.com\/index.php?rest_route=%2Fwp%2Fv2%2Ftags&post=10573"}],"curies":[{"name":"wp","href":"https:\/\/api.w.org\/{rel}","templated":true}]}}