{"id":1058,"date":"2023-08-30T15:16:00","date_gmt":"2023-08-30T13:16:00","guid":{"rendered":"https:\/\/pasaenmendoza.com\/?p=1058"},"modified":"2023-08-30T15:16:01","modified_gmt":"2023-08-30T13:16:01","slug":"un-mendocino-murio-en-un-accidente-en-rio-negro-lo-chocaron-de-atras","status":"publish","type":"post","link":"https:\/\/pasaenmendoza.com\/?p=1058","title":{"rendered":"Un mendocino muri\u00f3 en un accidente en R\u00edo Negro: lo chocaron de atr\u00e1s"},"content":{"rendered":"\n<p>\u00a0Cuatro personas murieron en un\u00a0<strong>accidente<\/strong>\u00a0que se produjo cerca de Choele Choel, provincia de\u00a0<strong>R\u00edo Negro<\/strong>. Entre las v\u00edctimas est\u00e1 un\u00a0<strong>mendocino<\/strong>\u00a0oriundo de\u00a0<strong>San Rafael<\/strong>, que ten\u00eda 50 a\u00f1os.<\/p>\n\n\n\n<p>Rub\u00e9n Dom\u00ednguez era oriundo del distrito de Monte Com\u00e1n y este lunes por la ma\u00f1ana viajaba en un veh\u00edculo junto a Cinthia Natalia Monta\u00f1a (29) y dos hijos de ella: Ian (8) y Tiziano (10). El Chevrolet Prisma en el que se movilizaban fue impactado desde atr\u00e1s por un Chevrolet Cruze, por motivos que se intentan establecer.<\/p>\n\n\n\n<p>Como consecuencia del choque, el auto se despist\u00f3 de la Ruta nacional 22 y volc\u00f3 varias veces, terminando en el pastizal al lado del carril contrario.<\/p>\n\n\n\n<p>Rub\u00e9n y Tiziano, el menor de 10 a\u00f1os, murieron en el lugar del accidente. La mujer, Cinthia, y su otro hijo, Ian, fueron derivados a hospitales y terminaron falleciendo al mediod\u00eda. Las v\u00edctimas viv\u00edan en Catriel, una localidad ubicada al norte de la provincia patag\u00f3nica.<\/p>\n\n\n\n<p>En el otro auto viajaban un hombre y una mujer de Neuqu\u00e9n. Ella qued\u00f3 internada con heridas graves. La investigaci\u00f3n se realiza bajo la car\u00e1tula de m\u00faltiple homicidio culposo.<\/p>\n\n\n\n<p>El padre de los ni\u00f1os, Mart\u00edn Queupan, los despidi\u00f3 a trav\u00e9s de su cuenta de Facebook:\u00a0<\/p>\n\n\n\n<p><strong>Fuente: www.mendozapost.com<\/strong><\/p>\n","protected":false},"excerpt":{"rendered":"<p>\u00a0Cuatro personas murieron en un\u00a0accidente\u00a0que se produjo cerca de Choele Choel, provincia de\u00a0R\u00edo Negro. Entre las v\u00edctimas est\u00e1 un\u00a0mendocino\u00a0oriundo de\u00a0San Rafael, que ten\u00eda 50 a\u00f1os. Rub\u00e9n Dom\u00ednguez era oriundo del distrito de Monte Com\u00e1n y este lunes por la ma\u00f1ana viajaba en un veh\u00edculo junto a Cinthia Natalia Monta\u00f1a (29) y dos hijos de ella: [&hellip;]<\/p>\n","protected":false},"author":2,"featured_media":1059,"comment_status":"open","ping_status":"open","sticky":false,"template":"","format":"standard","meta":[],"categories":[48],"tags":[],"_links":{"self":[{"href":"https:\/\/pasaenmendoza.com\/index.php?rest_route=\/wp\/v2\/posts\/1058"}],"collection":[{"href":"https:\/\/pasaenmendoza.com\/index.php?rest_route=\/wp\/v2\/posts"}],"about":[{"href":"https:\/\/pasaenmendoza.com\/index.php?rest_route=\/wp\/v2\/types\/post"}],"author":[{"embeddable":true,"href":"https:\/\/pasaenmendoza.com\/index.php?rest_route=\/wp\/v2\/users\/2"}],"replies":[{"embeddable":true,"href":"https:\/\/pasaenmendoza.com\/index.php?rest_route=%2Fwp%2Fv2%2Fcomments&post=1058"}],"version-history":[{"count":1,"href":"https:\/\/pasaenmendoza.com\/index.php?rest_route=\/wp\/v2\/posts\/1058\/revisions"}],"predecessor-version":[{"id":1060,"href":"https:\/\/pasaenmendoza.com\/index.php?rest_route=\/wp\/v2\/posts\/1058\/revisions\/1060"}],"wp:featuredmedia":[{"embeddable":true,"href":"https:\/\/pasaenmendoza.com\/index.php?rest_route=\/wp\/v2\/media\/1059"}],"wp:attachment":[{"href":"https:\/\/pasaenmendoza.com\/index.php?rest_route=%2Fwp%2Fv2%2Fmedia&parent=1058"}],"wp:term":[{"taxonomy":"category","embeddable":true,"href":"https:\/\/pasaenmendoza.com\/index.php?rest_route=%2Fwp%2Fv2%2Fcategories&post=1058"},{"taxonomy":"post_tag","embeddable":true,"href":"https:\/\/pasaenmendoza.com\/index.php?rest_route=%2Fwp%2Fv2%2Ftags&post=1058"}],"curies":[{"name":"wp","href":"https:\/\/api.w.org\/{rel}","templated":true}]}}