{"id":10582,"date":"2024-12-13T13:06:18","date_gmt":"2024-12-13T12:06:18","guid":{"rendered":"https:\/\/pasaenmendoza.com\/?p=10582"},"modified":"2024-12-13T13:06:19","modified_gmt":"2024-12-13T12:06:19","slug":"el-tiempo-en-mendoza-el-viernes-abre-la-puerta-a-una-ola-de-calor-para-el-finde","status":"publish","type":"post","link":"https:\/\/pasaenmendoza.com\/?p=10582","title":{"rendered":"El tiempo en Mendoza: el viernes abre la puerta a una ola de calor para el finde"},"content":{"rendered":"\n<p><strong>La temperatura m\u00e1xima para este viernes subir\u00e1 a los 33 grados cent\u00edgrados<\/strong>, mientras que&nbsp;<strong>la m\u00ednima se ubicar\u00e1 en los 18 grados<\/strong>.<\/p>\n\n\n\n<p>El pron\u00f3stico de la&nbsp;<strong>Direcci\u00f3n de Contingencias Clim\u00e1ticas<\/strong>&nbsp;adelant\u00f3 que habr\u00e1 \u201c<em>tiempo bueno con ascenso de la temperatura, vientos moderados del noreste<\/em>\u201c.<\/p>\n\n\n\n<p>Se mantiene el mal tiempo en una regi\u00f3n: \u201c<em>Inestable en el sur provincial hacia la noche<\/em>\u201c.<\/p>\n\n\n\n<p>Para los que viajen a Chile, as\u00ed estar\u00e1 el tiempo en la alta monta\u00f1a: \u201c<em>Poco nuboso en cordillera<\/em>\u201c.<\/p>\n\n\n\n<p><strong>Es la puerta de entrada para un fin de semana con temperaturas m\u00e1ximas que al menos se ubicar\u00e1n en los 35 grados.<\/strong><\/p>\n\n\n\n<p><strong>Fuente: www.elsol.com.ar<\/strong><\/p>\n","protected":false},"excerpt":{"rendered":"<p>La temperatura m\u00e1xima para este viernes subir\u00e1 a los 33 grados cent\u00edgrados, mientras que&nbsp;la m\u00ednima se ubicar\u00e1 en los 18 grados. El pron\u00f3stico de la&nbsp;Direcci\u00f3n de Contingencias Clim\u00e1ticas&nbsp;adelant\u00f3 que habr\u00e1 \u201ctiempo bueno con ascenso de la temperatura, vientos moderados del noreste\u201c. Se mantiene el mal tiempo en una regi\u00f3n: \u201cInestable en el sur provincial hacia [&hellip;]<\/p>\n","protected":false},"author":2,"featured_media":10583,"comment_status":"open","ping_status":"open","sticky":false,"template":"","format":"standard","meta":[],"categories":[52],"tags":[],"_links":{"self":[{"href":"https:\/\/pasaenmendoza.com\/index.php?rest_route=\/wp\/v2\/posts\/10582"}],"collection":[{"href":"https:\/\/pasaenmendoza.com\/index.php?rest_route=\/wp\/v2\/posts"}],"about":[{"href":"https:\/\/pasaenmendoza.com\/index.php?rest_route=\/wp\/v2\/types\/post"}],"author":[{"embeddable":true,"href":"https:\/\/pasaenmendoza.com\/index.php?rest_route=\/wp\/v2\/users\/2"}],"replies":[{"embeddable":true,"href":"https:\/\/pasaenmendoza.com\/index.php?rest_route=%2Fwp%2Fv2%2Fcomments&post=10582"}],"version-history":[{"count":1,"href":"https:\/\/pasaenmendoza.com\/index.php?rest_route=\/wp\/v2\/posts\/10582\/revisions"}],"predecessor-version":[{"id":10584,"href":"https:\/\/pasaenmendoza.com\/index.php?rest_route=\/wp\/v2\/posts\/10582\/revisions\/10584"}],"wp:featuredmedia":[{"embeddable":true,"href":"https:\/\/pasaenmendoza.com\/index.php?rest_route=\/wp\/v2\/media\/10583"}],"wp:attachment":[{"href":"https:\/\/pasaenmendoza.com\/index.php?rest_route=%2Fwp%2Fv2%2Fmedia&parent=10582"}],"wp:term":[{"taxonomy":"category","embeddable":true,"href":"https:\/\/pasaenmendoza.com\/index.php?rest_route=%2Fwp%2Fv2%2Fcategories&post=10582"},{"taxonomy":"post_tag","embeddable":true,"href":"https:\/\/pasaenmendoza.com\/index.php?rest_route=%2Fwp%2Fv2%2Ftags&post=10582"}],"curies":[{"name":"wp","href":"https:\/\/api.w.org\/{rel}","templated":true}]}}