{"id":10585,"date":"2024-12-13T13:11:47","date_gmt":"2024-12-13T12:11:47","guid":{"rendered":"https:\/\/pasaenmendoza.com\/?p=10585"},"modified":"2024-12-13T13:11:48","modified_gmt":"2024-12-13T12:11:48","slug":"calor-intenso-en-mendoza-el-fin-de-semana-las-maximas-podrian-llegar-a-los-36-grados","status":"publish","type":"post","link":"https:\/\/pasaenmendoza.com\/?p=10585","title":{"rendered":"Calor intenso en Mendoza: el fin de semana las m\u00e1ximas podr\u00edan llegar a los 36 grados"},"content":{"rendered":"\n<p>El&nbsp;<strong>calor intenso&nbsp;<\/strong>se har\u00e1 sentir el fin de semana en&nbsp;<strong>Mendoza<\/strong>, con&nbsp;<strong>m\u00e1ximas que rondar\u00e1n entre los 35 y 36 grados<\/strong>. La recomendaci\u00f3n ante el fen\u00f3meno es que tanto ni\u00f1os como adultos mayores eviten la exposici\u00f3n al aire libre y se hidraten constantemente.<\/p>\n\n\n\n<p>De acuerdo con lo pronosticado por la Direcci\u00f3n de Contingencias Clim\u00e1ticas, para el\u00a0<strong>s\u00e1bado<\/strong>\u00a014 de diciembre se prev\u00e9 \u201c<strong>una jornada calurosa con poca nubosidad y ascenso de la temperatura,<\/strong>\u00a0vientos moderados del sector sur. Inestable en el sur provincial hacia la noche. Poco nuboso en cordillera\u201d<strong>. La m\u00ednima ser\u00e1 de 22 grados y la m\u00e1xima llegar\u00e1 a los 36.<\/strong><\/p>\n\n\n\n<p>En tanto, para el\u00a0<strong>domingo,<\/strong>\u00a0se pronostica: \u201c<strong>Caluroso con nubosidad variable<\/strong>, tormentas aisladas hacia la noche, vientos moderados del sector sur. Precipitaciones en cordillera\u201d.<strong>\u00a0La m\u00ednima ser\u00e1 de 23 grados y la m\u00e1xima de 35.<\/strong><\/p>\n\n\n\n<p>El&nbsp;<strong>lunes<\/strong>&nbsp;habr\u00e1 un&nbsp;<strong>leve descenso de la temperatura<\/strong>. Estar\u00e1 inestable con nubosidad variable y tormentas aisladas, vientos moderados del sector sur. Precipitaciones en cordillera.&nbsp;<strong>La m\u00ednima ser\u00e1 de 21 grados y la m\u00e1xima de 33.<\/strong><\/p>\n\n\n\n<h2 class=\"wp-block-heading\" id=\"h-recomendaciones-para-enfrentar-el-calor\">Recomendaciones para enfrentar el calor<\/h2>\n\n\n\n<p>Ante el fen\u00f3meno meteorol\u00f3gico, las autoridades responsables de Salud recomiendan a la poblaci\u00f3n hidratarse y no exponerse al aire libre.<\/p>\n\n\n\n<p>Asimismo, indicaron una serie de consejos para tener en cuenta durante dichas jornadas:<\/p>\n\n\n\n<ul>\n<li>Evitar las actividades al aire libre, la exposici\u00f3n al sol en exceso y reducir la actividad f\u00edsica entre las 10 y las 17.<\/li>\n\n\n\n<li>Salvo contraindicaciones m\u00e9dicas, tomar abundante l\u00edquido, evitando bebidas alcoh\u00f3licas o muy azucaradas, y comer liviano, sobre todo frutas y verduras.<\/li>\n\n\n\n<li>Usar ropa ligera, holgada y de colores claros, y protegerse del sol con gorro y anteojos oscuros.<\/li>\n\n\n\n<li>Prestar especial atenci\u00f3n a los adultos mayores de 65 y a los ni\u00f1os menores de 5 a\u00f1os.<\/li>\n\n\n\n<li>Intentar permanecer en espacios frescos y ventilados.<\/li>\n<\/ul>\n\n\n\n<p><strong>Fuente: www.elsol.com.ar<\/strong><\/p>\n","protected":false},"excerpt":{"rendered":"<p>El&nbsp;calor intenso&nbsp;se har\u00e1 sentir el fin de semana en&nbsp;Mendoza, con&nbsp;m\u00e1ximas que rondar\u00e1n entre los 35 y 36 grados. La recomendaci\u00f3n ante el fen\u00f3meno es que tanto ni\u00f1os como adultos mayores eviten la exposici\u00f3n al aire libre y se hidraten constantemente. De acuerdo con lo pronosticado por la Direcci\u00f3n de Contingencias Clim\u00e1ticas, para el\u00a0s\u00e1bado\u00a014 de diciembre [&hellip;]<\/p>\n","protected":false},"author":2,"featured_media":10586,"comment_status":"open","ping_status":"open","sticky":false,"template":"","format":"standard","meta":[],"categories":[52],"tags":[],"_links":{"self":[{"href":"https:\/\/pasaenmendoza.com\/index.php?rest_route=\/wp\/v2\/posts\/10585"}],"collection":[{"href":"https:\/\/pasaenmendoza.com\/index.php?rest_route=\/wp\/v2\/posts"}],"about":[{"href":"https:\/\/pasaenmendoza.com\/index.php?rest_route=\/wp\/v2\/types\/post"}],"author":[{"embeddable":true,"href":"https:\/\/pasaenmendoza.com\/index.php?rest_route=\/wp\/v2\/users\/2"}],"replies":[{"embeddable":true,"href":"https:\/\/pasaenmendoza.com\/index.php?rest_route=%2Fwp%2Fv2%2Fcomments&post=10585"}],"version-history":[{"count":1,"href":"https:\/\/pasaenmendoza.com\/index.php?rest_route=\/wp\/v2\/posts\/10585\/revisions"}],"predecessor-version":[{"id":10587,"href":"https:\/\/pasaenmendoza.com\/index.php?rest_route=\/wp\/v2\/posts\/10585\/revisions\/10587"}],"wp:featuredmedia":[{"embeddable":true,"href":"https:\/\/pasaenmendoza.com\/index.php?rest_route=\/wp\/v2\/media\/10586"}],"wp:attachment":[{"href":"https:\/\/pasaenmendoza.com\/index.php?rest_route=%2Fwp%2Fv2%2Fmedia&parent=10585"}],"wp:term":[{"taxonomy":"category","embeddable":true,"href":"https:\/\/pasaenmendoza.com\/index.php?rest_route=%2Fwp%2Fv2%2Fcategories&post=10585"},{"taxonomy":"post_tag","embeddable":true,"href":"https:\/\/pasaenmendoza.com\/index.php?rest_route=%2Fwp%2Fv2%2Ftags&post=10585"}],"curies":[{"name":"wp","href":"https:\/\/api.w.org\/{rel}","templated":true}]}}