{"id":10591,"date":"2024-12-13T13:56:51","date_gmt":"2024-12-13T12:56:51","guid":{"rendered":"https:\/\/pasaenmendoza.com\/?p=10591"},"modified":"2024-12-13T13:56:52","modified_gmt":"2024-12-13T12:56:52","slug":"accidente-en-el-teatro-plaza-condenaron-al-conductor-que-atropello-a-23-personas","status":"publish","type":"post","link":"https:\/\/pasaenmendoza.com\/?p=10591","title":{"rendered":"Accidente en el teatro Plaza: condenaron al conductor que atropell\u00f3 a 23 personas"},"content":{"rendered":"\n<p>Las puertas del\u00a0<strong>teatro Plaza<\/strong>\u00a0todav\u00eda recuerdan el\u00a0<strong>accidente\u00a0<\/strong>ocurrido en julio de 2022\u00a0donde un conductor atropell\u00f3 a m\u00e1s de 20 espectadores que estaban sobre la vereda de ese espacio ubicado en\u00a0<strong>Godoy Cruz<\/strong>. El hecho no termin\u00f3 con v\u00edctimas fatales casi de milagro, pero de todas formas el conductor fue condenado en la jornada del mi\u00e9rcoles pasado.<\/p>\n\n\n\n<p>Dos a\u00f1os y medio despu\u00e9s del\u00a0<strong>accidente\u00a0<\/strong>en el\u00a0<strong>teatro Plaza<\/strong>, el conductor\u00a0<strong>Aldo Eduardo D\u00edaz (65)<\/strong>\u00a0pas\u00f3 por un juicio abreviado donde admiti\u00f3 su responsabilidad en el hecho y fue condenado bajo la figura de lesiones graves agravadas por ser m\u00e1s de una las v\u00edctimas y siete hechos de lesiones leves.<\/p>\n\n\n\n<p>La pena que dict\u00f3 el juez Juan Manuel Pina, tras un acuerdo entre fiscal y defensa, fue de\u00a0<strong>3 a\u00f1os de prisi\u00f3n en suspenso\u00a0<\/strong>y 4 a\u00f1os de inhabilitaci\u00f3n para conducir veh\u00edculos. De esta forma, logr\u00f3 mantener la libertad que hab\u00eda obtenido a los pocos d\u00edas del\u00a0<strong>accidente\u00a0<\/strong>tras pasar algunas jornadas con arresto domiciliario.<\/p>\n\n\n\n<p>En la sentencia no se hizo lugar a un pedido de que deje de estar embargado el auto VW Virtus con el cual&nbsp;<strong>Aldo D\u00edaz<\/strong>&nbsp;protagoniz\u00f3 el<strong>&nbsp;accidente en Godoy Cruz,<\/strong>&nbsp;ya que todav\u00eda no se resuelve el expediente civil y podr\u00eda ser utilizado para resarcir a las v\u00edctimas.<\/p>\n\n\n\n<h2 class=\"wp-block-heading\">Accidente en Godoy Cruz<\/h2>\n\n\n\n<p>En la tarde noche del domingo 10 de julio de 2022, un grupo de personas se encontraba en el ingreso al\u00a0<strong>Teatro Plaza<\/strong>\u00a0tras haber visto la obra Dos Locas de Remate, protagonizada por Soledad Silveyra y Ver\u00f3nica Llinas. En ese momento, un VW Virtus que estaba estacionado enfrente, a la vera de la plaza departamental en 45\u00b0, sali\u00f3 en reversa a toda velocidad. El veh\u00edculo cruz\u00f3 la calle Col\u00f3n, se subi\u00f3 a la vereda y termin\u00f3 impactando a los espectadores que esperaban la salida de las artistas para fotografiarse.<\/p>\n\n\n\n<p>Fueron 23 las personas que sufrieron lesiones por el&nbsp;<strong>accidente<\/strong>&nbsp;vial y tres de ellas quedaron internadas en delicado estado de salud en el Hospital Central. De ese tr\u00edo de v\u00edctimas, una joven de 27 a\u00f1os estuvo un pu\u00f1ado de semanas en terapia intensiva pero luego logr\u00f3 salvar su vida.<\/p>\n\n\n\n<p>En la investigaci\u00f3n se descart\u00f3 que la causa del\u00a0<strong>accidente<\/strong>\u00a0se haya tratado de una falla mec\u00e1nica y se apunt\u00f3 a un error humano alimentado por el hecho de que el auto no estaba adaptado para la discapacidad que ten\u00eda para movilizar sus piernas el conductor.<\/p>\n\n\n\n<p><strong>Fuente: www.diariouno.com.ar<\/strong><\/p>\n","protected":false},"excerpt":{"rendered":"<p>Las puertas del\u00a0teatro Plaza\u00a0todav\u00eda recuerdan el\u00a0accidente\u00a0ocurrido en julio de 2022\u00a0donde un conductor atropell\u00f3 a m\u00e1s de 20 espectadores que estaban sobre la vereda de ese espacio ubicado en\u00a0Godoy Cruz. El hecho no termin\u00f3 con v\u00edctimas fatales casi de milagro, pero de todas formas el conductor fue condenado en la jornada del mi\u00e9rcoles pasado. Dos a\u00f1os [&hellip;]<\/p>\n","protected":false},"author":2,"featured_media":10592,"comment_status":"open","ping_status":"open","sticky":false,"template":"","format":"standard","meta":[],"categories":[48],"tags":[],"_links":{"self":[{"href":"https:\/\/pasaenmendoza.com\/index.php?rest_route=\/wp\/v2\/posts\/10591"}],"collection":[{"href":"https:\/\/pasaenmendoza.com\/index.php?rest_route=\/wp\/v2\/posts"}],"about":[{"href":"https:\/\/pasaenmendoza.com\/index.php?rest_route=\/wp\/v2\/types\/post"}],"author":[{"embeddable":true,"href":"https:\/\/pasaenmendoza.com\/index.php?rest_route=\/wp\/v2\/users\/2"}],"replies":[{"embeddable":true,"href":"https:\/\/pasaenmendoza.com\/index.php?rest_route=%2Fwp%2Fv2%2Fcomments&post=10591"}],"version-history":[{"count":1,"href":"https:\/\/pasaenmendoza.com\/index.php?rest_route=\/wp\/v2\/posts\/10591\/revisions"}],"predecessor-version":[{"id":10593,"href":"https:\/\/pasaenmendoza.com\/index.php?rest_route=\/wp\/v2\/posts\/10591\/revisions\/10593"}],"wp:featuredmedia":[{"embeddable":true,"href":"https:\/\/pasaenmendoza.com\/index.php?rest_route=\/wp\/v2\/media\/10592"}],"wp:attachment":[{"href":"https:\/\/pasaenmendoza.com\/index.php?rest_route=%2Fwp%2Fv2%2Fmedia&parent=10591"}],"wp:term":[{"taxonomy":"category","embeddable":true,"href":"https:\/\/pasaenmendoza.com\/index.php?rest_route=%2Fwp%2Fv2%2Fcategories&post=10591"},{"taxonomy":"post_tag","embeddable":true,"href":"https:\/\/pasaenmendoza.com\/index.php?rest_route=%2Fwp%2Fv2%2Ftags&post=10591"}],"curies":[{"name":"wp","href":"https:\/\/api.w.org\/{rel}","templated":true}]}}