{"id":10600,"date":"2024-12-13T19:38:34","date_gmt":"2024-12-13T18:38:34","guid":{"rendered":"https:\/\/pasaenmendoza.com\/?p=10600"},"modified":"2024-12-13T19:39:02","modified_gmt":"2024-12-13T18:39:02","slug":"vendimia-2025-difundieron-los-precios-y-otros-detalles-de-la-fiesta","status":"publish","type":"post","link":"https:\/\/pasaenmendoza.com\/?p=10600","title":{"rendered":"Vendimia 2025: difundieron los precios y otros detalles de la fiesta"},"content":{"rendered":"\n<p>A menos de dos meses de la realizaci\u00f3n de la&nbsp;<strong>Fiesta de la Vendimia<\/strong>, las autoridades ofrecieron definiciones sobre el calendario 2025, como el&nbsp;<strong>valor de las entradas<\/strong>&nbsp;para el acto central y su repetici\u00f3n; cronograma de las vendimias departamentales y fechas.<\/p>\n\n\n\n<p>Los&nbsp;<strong>valores<\/strong>&nbsp;de las entradas para el turismo extranjero ser\u00e1n: sector Malbec, $50.000; Cabernet Sauvignon, $35.000; Chardonnay, $32.000; Tempranillo 2, 3 y 4, $45.000; Tempranillo 1 y 5, $35.000 y para el sector Bonarda $32.000.<\/p>\n\n\n\n<figure class=\"wp-block-image\"><img decoding=\"async\" src=\"https:\/\/media.diariouno.com.ar\/p\/8155a620ebcee60c359677c1f2cfd839\/adjuntos\/298\/imagenes\/009\/461\/0009461149\/1200x0\/smart\/vendimia-sectores-del-teatrojpg.jpg\" alt=\"Los sectores del teatro donde se realiza la vendimia. \" title=\"Los sectores del teatro donde se realiza la vendimia. \"\/><\/figure>\n\n\n\n<p>Los sectores del teatro donde se realiza la vendimia.<\/p>\n\n\n\n<p>En tanto, para la primera<strong>&nbsp;repetici\u00f3n<\/strong>&nbsp;el costo de las entradas ser\u00e1: para el sector Malbec, $40.000; Cabernet Sauvignon, $30.000; Chardonnay, $28.000; Tempranillo 2, 3 y 4, $35.000; Tempranillo 1 y 5, $30.000, y para el sector Bonarda, $28.000.<\/p>\n\n\n\n<p>Mientras tanto, las entradas para el p\u00fablico<strong>&nbsp;mendocino<\/strong>&nbsp;ser\u00e1n inferiores. El acto central, sector Malbec, $30.000; Cabernet Sauvignon, $20.000; Chardonnay $15.000; Tempranillo 2, 3 y 4, $25.000; Tempranillo 1 y 5, $20.000 y para el sector Bonarda $10.000.<\/p>\n\n\n\n<figure class=\"wp-block-image\"><img decoding=\"async\" src=\"https:\/\/media.diariouno.com.ar\/p\/8d837aee596dc90130d674886f62fad2\/adjuntos\/298\/imagenes\/009\/461\/0009461148\/1200x0\/smart\/vendimia-precios-mendocinosjpg.jpg\" alt=\"Los precios de las entradas para los mendocinos que quieran asistir a la Fiesta de la Vendimia. \" title=\"Los precios de las entradas para los mendocinos que quieran asistir a la Fiesta de la Vendimia. \"\/><\/figure>\n\n\n\n<p>Los precios de las entradas para los mendocinos que quieran asistir a la Fiesta de la Vendimia.<\/p>\n\n\n\n<p>Los valores para la primera&nbsp;<strong>repetici\u00f3n<\/strong>&nbsp;ser\u00e1n, para el sector Malbec, $20.000; Cabernet Sauvignon, $15.000; Chardonnay $10.000; Tempranillo 2, 3 y 4, $20.000; Tempranillo 1 y 5, $15.000, y para el sector Bonarda, $8.000.<\/p>\n\n\n\n<p>Cabe aclarar que, como cada a\u00f1o,<strong>&nbsp;las entradas del sector Torront\u00e9s no se comercializan<\/strong>, ya que est\u00e1n reservadas a personas con discapacidad. En breve se anunciar\u00e1 la metodolog\u00eda para acceder a los tickets correspondientes.<\/p>\n\n\n\n<p>Fueron el ministro de Educaci\u00f3n, Cultura, Infancias y DGE,&nbsp;<strong>Tadeo Garc\u00eda Zalazar;<\/strong>&nbsp;el subsecretario de Cultura,&nbsp;<strong>Diego Gareca<\/strong>, y el intendente de Godoy Cruz,&nbsp;<strong>Diego Costarelli<\/strong>&nbsp;quienes brindaron detalles en el Centro Patrimonial y Art\u00edstico Crist\u00f3foro Colombo de Godoy Cruz.<\/p>\n\n\n\n<p>Diego Gareca se refiri\u00f3 a precios, fechas y otros detalles de la principal fiesta mendocina.<\/p>\n\n\n\n<h2 class=\"wp-block-heading\">Cronograma<\/h2>\n\n\n\n<p>Tambi\u00e9n se dio a conocer el cronograma de actividades que incluye el acto central de la&nbsp;<strong>Fiesta Nacional de la Vendimia&nbsp;<\/strong>que se denominar\u00e1 \u201cGuardiana del vino eterno\u201d bajo la direcci\u00f3n general de Franco Ag\u00fcero.<\/p>\n\n\n\n<p>El acto central se desarrollar\u00e1 en el&nbsp;<strong>Teatro Griego Frank Romero Day<\/strong>&nbsp;el s\u00e1bado 8 de marzo, y la repetici\u00f3n, el domingo 9 de marzo.<\/p>\n\n\n\n<p>El&nbsp;<strong>calendario<\/strong>&nbsp;vendimial 2025 tendr\u00e1 uno de sus puntos m\u00e1s destacados con la Bendici\u00f3n de los Frutos y el Paseo Federal en el Parque San Vicente de Godoy Cruz.<\/p>\n\n\n\n<p>Garc\u00eda Zalazar puntualiz\u00f3: \u201cDesde el inicio de la gesti\u00f3n hemos trabajado con la premisa de mantener la&nbsp;<strong>Fiesta Nacional de la Vendimia<\/strong>, que es parte de la marca de&nbsp;<strong>Mendoza<\/strong>&nbsp;y su patrimonio cultural, acorde tanto a la relevancia art\u00edstica como tur\u00edstica. Adem\u00e1s de contar con actividades que aportan al calendario con propuestas de alto nivel y, como es tradici\u00f3n, las celebraciones que se desarrollan en cada uno de los departamentos, ofreciendo una importante oferta cultural al turismo que visita nuestra provincia\u201d.<\/p>\n\n\n\n<p>Como novedades respecto del calendario de la Vendimia 2024, el subsecretario de Cultura,<strong>&nbsp;Diego Gareca<\/strong>, anunci\u00f3 que \u201cel departamento de Godoy Cruz ser\u00e1 anfitri\u00f3n de la Bendici\u00f3n de los Frutos y el Paseo Federal. Con respecto al valor de las entradas para la Fiesta Nacional de la Vendimia, Gareca se\u00f1al\u00f3 que \u201ctal como lo hicimos el a\u00f1o pasado, hemos dise\u00f1ado precios&nbsp;<strong>diferenciados<\/strong>, donde los mendocinos pagar\u00e1n entradas m\u00e1s baratas que el p\u00fablico extranjero, aclarando que la informaci\u00f3n sobre las fechas y la metodolog\u00eda para adquirirlas se anunciar\u00e1 en breve, al igual que el espect\u00e1culo musical para la fecha de la primera repetici\u00f3n\u201d.<\/p>\n\n\n\n<p>Por su parte,<strong>&nbsp;Diego Costarelli<\/strong>, intendente de Godoy Cruz, agradeci\u00f3 al Gobierno de Mendoza \u201cpor elegir nuestro municipio para eventos que conforman el calendario vendimial, como son el Paseo Federal y la Bendici\u00f3n de los Frutos\u201d. Adem\u00e1s, record\u00f3: \u201cNuestra propia fiesta departamental ser\u00e1 el&nbsp;<strong>22 de febrero<\/strong>, cerrando el cronograma de las vendimias departamentales\u201d.<\/p>\n\n\n\n<h2 class=\"wp-block-heading\">Calendario vendimial 2025<\/h2>\n\n\n\n<p>Paseo Federal: mi\u00e9rcoles 26 al viernes 28 de febrero.&nbsp;<strong>Parque San Vicente.<\/strong><\/p>\n\n\n\n<p>Dionisia Wine Fair: viernes 28 de febrero y s\u00e1bado 1 de marzo.&nbsp;<strong>Museo Fader.<\/strong><\/p>\n\n\n\n<p>Bendici\u00f3n de los Frutos: domingo 2 de marzo. Bajo la direcci\u00f3n de H\u00e9ctor Gomina y guion de Rafael Golondrina Ruiz.&nbsp;<strong>Parque San Vicente.<\/strong><\/p>\n\n\n\n<p>Fiesta de la Cosecha: mi\u00e9rcoles 5 de marzo.&nbsp;<strong>Aeropuerto<\/strong>&nbsp;de Mendoza.<\/p>\n\n\n\n<p><strong>V\u00eda Blanca<\/strong>: viernes 7 de marzo.<\/p>\n\n\n\n<p><strong>Carrusel<\/strong>: s\u00e1bado 8 de marzo.<\/p>\n\n\n\n<p><strong>Acto Central:<\/strong>&nbsp;s\u00e1bado 8 de marzo. Teatro Griego Frank Romero Day<\/p>\n\n\n\n<p>Primera repetici\u00f3n: domingo 9 de marzo.&nbsp;<strong>Teatro Griego Frank Romero Day<\/strong><\/p>\n\n\n\n<h2 class=\"wp-block-heading\">Vendimias departamentales<\/h2>\n\n\n\n<p><strong>Guaymall\u00e9n<\/strong>&nbsp;13\/12;&nbsp;<strong>Luj\u00e1n de Cuyo<\/strong>&nbsp;14\/12;<strong>&nbsp;Malarg\u00fce<\/strong>&nbsp;08\/01;&nbsp;<strong>La Paz<\/strong>&nbsp;09\/01;&nbsp;<strong>Jun\u00edn<\/strong>&nbsp;18\/01;&nbsp;<strong>Lavalle<\/strong>&nbsp;18\/01;&nbsp;<strong>San Rafael<\/strong>&nbsp;25\/01 (con repetici\u00f3n el 26\/01);<strong>&nbsp;San Mart\u00edn<\/strong>&nbsp;25\/01;&nbsp;<strong>San Carlos<\/strong>&nbsp;25\/01 y<strong>&nbsp;Rivadavia<\/strong>&nbsp;30\/01<\/p>\n\n\n\n<p><strong>Tunuy\u00e1n<\/strong>, el 31\/01;&nbsp;<strong>Las Heras<\/strong>&nbsp;31\/01;&nbsp;<strong>General Alvear<\/strong>&nbsp;31\/01;&nbsp;<strong>Capita<\/strong>l 07\/02;&nbsp;<strong>Santa Rosa<\/strong>&nbsp;14\/02;&nbsp;<strong>Tupungato<\/strong>&nbsp;15\/02;&nbsp;<strong>Maip\u00fa<\/strong>&nbsp;15\/02 y&nbsp;<strong>Godoy Cruz<\/strong>&nbsp;22\/02.<\/p>\n\n\n\n<p><strong>Fuente: www.diariouno.com.ar<\/strong><\/p>\n","protected":false},"excerpt":{"rendered":"<p>A menos de dos meses de la realizaci\u00f3n de la&nbsp;Fiesta de la Vendimia, las autoridades ofrecieron definiciones sobre el calendario 2025, como el&nbsp;valor de las entradas&nbsp;para el acto central y su repetici\u00f3n; cronograma de las vendimias departamentales y fechas. Los&nbsp;valores&nbsp;de las entradas para el turismo extranjero ser\u00e1n: sector Malbec, $50.000; Cabernet Sauvignon, $35.000; Chardonnay, $32.000; [&hellip;]<\/p>\n","protected":false},"author":2,"featured_media":10601,"comment_status":"open","ping_status":"open","sticky":false,"template":"","format":"standard","meta":[],"categories":[74],"tags":[],"_links":{"self":[{"href":"https:\/\/pasaenmendoza.com\/index.php?rest_route=\/wp\/v2\/posts\/10600"}],"collection":[{"href":"https:\/\/pasaenmendoza.com\/index.php?rest_route=\/wp\/v2\/posts"}],"about":[{"href":"https:\/\/pasaenmendoza.com\/index.php?rest_route=\/wp\/v2\/types\/post"}],"author":[{"embeddable":true,"href":"https:\/\/pasaenmendoza.com\/index.php?rest_route=\/wp\/v2\/users\/2"}],"replies":[{"embeddable":true,"href":"https:\/\/pasaenmendoza.com\/index.php?rest_route=%2Fwp%2Fv2%2Fcomments&post=10600"}],"version-history":[{"count":2,"href":"https:\/\/pasaenmendoza.com\/index.php?rest_route=\/wp\/v2\/posts\/10600\/revisions"}],"predecessor-version":[{"id":10603,"href":"https:\/\/pasaenmendoza.com\/index.php?rest_route=\/wp\/v2\/posts\/10600\/revisions\/10603"}],"wp:featuredmedia":[{"embeddable":true,"href":"https:\/\/pasaenmendoza.com\/index.php?rest_route=\/wp\/v2\/media\/10601"}],"wp:attachment":[{"href":"https:\/\/pasaenmendoza.com\/index.php?rest_route=%2Fwp%2Fv2%2Fmedia&parent=10600"}],"wp:term":[{"taxonomy":"category","embeddable":true,"href":"https:\/\/pasaenmendoza.com\/index.php?rest_route=%2Fwp%2Fv2%2Fcategories&post=10600"},{"taxonomy":"post_tag","embeddable":true,"href":"https:\/\/pasaenmendoza.com\/index.php?rest_route=%2Fwp%2Fv2%2Ftags&post=10600"}],"curies":[{"name":"wp","href":"https:\/\/api.w.org\/{rel}","templated":true}]}}