{"id":10607,"date":"2024-12-16T14:41:05","date_gmt":"2024-12-16T13:41:05","guid":{"rendered":"https:\/\/pasaenmendoza.com\/?p=10607"},"modified":"2024-12-16T14:41:06","modified_gmt":"2024-12-16T13:41:06","slug":"alerta-por-tormentas-en-mendoza-que-zonas-se-veran-afectadas","status":"publish","type":"post","link":"https:\/\/pasaenmendoza.com\/?p=10607","title":{"rendered":"Alerta por tormentas en Mendoza: qu\u00e9 zonas se ver\u00e1n afectadas"},"content":{"rendered":"\n<p>Seg\u00fan inform\u00f3 el&nbsp;<strong>Servicio Meteorol\u00f3gico Nacional,&nbsp;<\/strong>para este lunes se aguarda que gran parte de la provincia se vea afectada por tormentas.<\/p>\n\n\n\n<p>El organismo nacional adivirti\u00f3 y \u201cpint\u00f3\u201d de amarillo a una buena parte de la provincia de Mendoza pronosticando la ca\u00edda de lluvia de moderada a fuerte con la probabilidad latente de tormentas.<\/p>\n\n\n\n<p>Las zonas afectadas son: \u00a0Jun\u00edn, Rivadavia, Valles de Luj\u00e1n de Cuyo, Valles de San Carlos, Valles de Tunuy\u00e1n y Valles de Tupungato. Tambi\u00e9n General Alvear y la zona baja de San Rafael.<\/p>\n\n\n\n<p>Para el Gran Mendoza, la zona afectada ser\u00e1 Las Heras, pero la tormenta se ir\u00e1 hacia el Este para los departamentos de San Mart\u00edn, La Paz, Lavalle y Santa Rosa.<\/p>\n\n\n\n<p>Seg\u00fan inform\u00f3 el SMN, las tormentas se podr\u00edan hacer sentir durante la tarde. El alerta amarillo seguir\u00e1 vigente para martes y mi\u00e9rcoles en estas mismas zonas.<\/p>\n\n\n\n<p><strong>Fuente: www.elsol.com.ar<\/strong><\/p>\n","protected":false},"excerpt":{"rendered":"<p>Seg\u00fan inform\u00f3 el&nbsp;Servicio Meteorol\u00f3gico Nacional,&nbsp;para este lunes se aguarda que gran parte de la provincia se vea afectada por tormentas. El organismo nacional adivirti\u00f3 y \u201cpint\u00f3\u201d de amarillo a una buena parte de la provincia de Mendoza pronosticando la ca\u00edda de lluvia de moderada a fuerte con la probabilidad latente de tormentas. Las zonas afectadas [&hellip;]<\/p>\n","protected":false},"author":2,"featured_media":10608,"comment_status":"open","ping_status":"open","sticky":false,"template":"","format":"standard","meta":[],"categories":[52],"tags":[],"_links":{"self":[{"href":"https:\/\/pasaenmendoza.com\/index.php?rest_route=\/wp\/v2\/posts\/10607"}],"collection":[{"href":"https:\/\/pasaenmendoza.com\/index.php?rest_route=\/wp\/v2\/posts"}],"about":[{"href":"https:\/\/pasaenmendoza.com\/index.php?rest_route=\/wp\/v2\/types\/post"}],"author":[{"embeddable":true,"href":"https:\/\/pasaenmendoza.com\/index.php?rest_route=\/wp\/v2\/users\/2"}],"replies":[{"embeddable":true,"href":"https:\/\/pasaenmendoza.com\/index.php?rest_route=%2Fwp%2Fv2%2Fcomments&post=10607"}],"version-history":[{"count":1,"href":"https:\/\/pasaenmendoza.com\/index.php?rest_route=\/wp\/v2\/posts\/10607\/revisions"}],"predecessor-version":[{"id":10609,"href":"https:\/\/pasaenmendoza.com\/index.php?rest_route=\/wp\/v2\/posts\/10607\/revisions\/10609"}],"wp:featuredmedia":[{"embeddable":true,"href":"https:\/\/pasaenmendoza.com\/index.php?rest_route=\/wp\/v2\/media\/10608"}],"wp:attachment":[{"href":"https:\/\/pasaenmendoza.com\/index.php?rest_route=%2Fwp%2Fv2%2Fmedia&parent=10607"}],"wp:term":[{"taxonomy":"category","embeddable":true,"href":"https:\/\/pasaenmendoza.com\/index.php?rest_route=%2Fwp%2Fv2%2Fcategories&post=10607"},{"taxonomy":"post_tag","embeddable":true,"href":"https:\/\/pasaenmendoza.com\/index.php?rest_route=%2Fwp%2Fv2%2Ftags&post=10607"}],"curies":[{"name":"wp","href":"https:\/\/api.w.org\/{rel}","templated":true}]}}