{"id":1061,"date":"2023-08-30T15:26:54","date_gmt":"2023-08-30T13:26:54","guid":{"rendered":"https:\/\/pasaenmendoza.com\/?p=1061"},"modified":"2023-08-30T15:26:54","modified_gmt":"2023-08-30T13:26:54","slug":"un-adolescente-fue-detenido-por-un-robo-en-ciudad","status":"publish","type":"post","link":"https:\/\/pasaenmendoza.com\/?p=1061","title":{"rendered":"Un adolescente fue detenido por un robo en Ciudad"},"content":{"rendered":"\n<p>Un adolescente de 17 a\u00f1os fue detenido la tarde del martes por un asalto a dos chicos en\u00a0<strong>Ciudad<\/strong>. Las v\u00edctimas y vecinos de la zona lo persiguieron y termin\u00f3 siendo aprehendido. Recuperaron parte de lo robado.<\/p>\n\n\n\n<p>El caso se registr\u00f3 alrededor de las 16 cuando personal de\u00a0<strong>Preventores\u00a0<\/strong>fue desplazado hasta el cruce de calles Chile y Bogado, debido a que\u00a0<mark>dos menores, de 15 y 16 a\u00f1os, hab\u00edan sufrido un robo<\/mark>.<\/p>\n\n\n\n<p>Cuando pasaban por la intersecci\u00f3n de Doctor Moreno y Chavarr\u00eda, observaron que\u00a0<mark>las v\u00edctimas iban corriendo detr\u00e1s de los presuntos malvivientes, por lo que se inici\u00f3 una persecuci\u00f3n en conjunto<\/mark>, a la que se sumaron algunos vecinos de la zona.<\/p>\n\n\n\n<p>As\u00ed, se logr\u00f3 interceptar a uno de los sospechosos en Doctor Moreno y Mosconi, quien ten\u00eda en su poder\u00a0<mark>una mochila con una campera, botines y otros elementos sustra\u00eddos<\/mark>.<\/p>\n\n\n\n<p>El presunto asaltante fue trasladado posteriormente a la<strong>\u00a0Comisar\u00eda Cuarta<\/strong>, donde quedo a disposici\u00f3n de la\u00a0<strong>Justicia Penal de Menores<\/strong>.<\/p>\n\n\n\n<p><strong>Fuente: www.elsol.com.ar<\/strong><\/p>\n","protected":false},"excerpt":{"rendered":"<p>Un adolescente de 17 a\u00f1os fue detenido la tarde del martes por un asalto a dos chicos en\u00a0Ciudad. Las v\u00edctimas y vecinos de la zona lo persiguieron y termin\u00f3 siendo aprehendido. Recuperaron parte de lo robado. El caso se registr\u00f3 alrededor de las 16 cuando personal de\u00a0Preventores\u00a0fue desplazado hasta el cruce de calles Chile y [&hellip;]<\/p>\n","protected":false},"author":2,"featured_media":1062,"comment_status":"open","ping_status":"open","sticky":false,"template":"","format":"standard","meta":[],"categories":[48],"tags":[],"_links":{"self":[{"href":"https:\/\/pasaenmendoza.com\/index.php?rest_route=\/wp\/v2\/posts\/1061"}],"collection":[{"href":"https:\/\/pasaenmendoza.com\/index.php?rest_route=\/wp\/v2\/posts"}],"about":[{"href":"https:\/\/pasaenmendoza.com\/index.php?rest_route=\/wp\/v2\/types\/post"}],"author":[{"embeddable":true,"href":"https:\/\/pasaenmendoza.com\/index.php?rest_route=\/wp\/v2\/users\/2"}],"replies":[{"embeddable":true,"href":"https:\/\/pasaenmendoza.com\/index.php?rest_route=%2Fwp%2Fv2%2Fcomments&post=1061"}],"version-history":[{"count":1,"href":"https:\/\/pasaenmendoza.com\/index.php?rest_route=\/wp\/v2\/posts\/1061\/revisions"}],"predecessor-version":[{"id":1063,"href":"https:\/\/pasaenmendoza.com\/index.php?rest_route=\/wp\/v2\/posts\/1061\/revisions\/1063"}],"wp:featuredmedia":[{"embeddable":true,"href":"https:\/\/pasaenmendoza.com\/index.php?rest_route=\/wp\/v2\/media\/1062"}],"wp:attachment":[{"href":"https:\/\/pasaenmendoza.com\/index.php?rest_route=%2Fwp%2Fv2%2Fmedia&parent=1061"}],"wp:term":[{"taxonomy":"category","embeddable":true,"href":"https:\/\/pasaenmendoza.com\/index.php?rest_route=%2Fwp%2Fv2%2Fcategories&post=1061"},{"taxonomy":"post_tag","embeddable":true,"href":"https:\/\/pasaenmendoza.com\/index.php?rest_route=%2Fwp%2Fv2%2Ftags&post=1061"}],"curies":[{"name":"wp","href":"https:\/\/api.w.org\/{rel}","templated":true}]}}