{"id":10624,"date":"2024-12-16T21:47:10","date_gmt":"2024-12-16T20:47:10","guid":{"rendered":"https:\/\/pasaenmendoza.com\/?p=10624"},"modified":"2024-12-16T21:47:10","modified_gmt":"2024-12-16T20:47:10","slug":"yael-palazzo-fue-coronada-reina-de-la-vendimia-de-lujan-de-cuyo-2025","status":"publish","type":"post","link":"https:\/\/pasaenmendoza.com\/?p=10624","title":{"rendered":"Yael Palazzo fue coronada reina de la Vendimia de Luj\u00e1n de Cuyo 2025"},"content":{"rendered":"\n<p>Despu\u00e9s de abrir Guaymall\u00e9n el calendario de la\u00a0<strong>Vendimia 2025<\/strong>, este domingo por la noche fue el turno de\u00a0<strong>Luj\u00e1n de Cuyo<\/strong>. A trav\u00e9s de una votaci\u00f3n digital, vecinos del departamento coronaron a Yael Palazzo como\u00a0<strong>reina\u00a0<\/strong>departamental y a Sof\u00eda Baggio como su virreina.<\/p>\n\n\n\n<p>La Fiesta de la Vendimia de Luj\u00e1n de Cuyo se concret\u00f3 el domingo en el Parque Ferri del microcentro lujanino, tras haber sido suspendida el s\u00e1bado por&nbsp;<strong>lluvia<\/strong>. Cont\u00f3 con un show de&nbsp;<strong>Juan Carlos Baglietto y Lito Vitale<\/strong>&nbsp;y finaliz\u00f3 con el acto central &#8220;Vendimia de la evoluci\u00f3n y el progreso&#8221;.<\/p>\n\n\n\n<p>Antes se desarroll\u00f3 la elecci\u00f3n y coronaci\u00f3n de la soberana departamental que represent\u00f3 al distrito de Mayor Drummond.\u00a0<strong>Yael Valentina Palazzo<\/strong>\u00a0inici\u00f3 su camino a la<strong>\u00a0Vendimia Nacional<\/strong>\u00a0para representar a su pueblo con el compromiso puesto en las\u00a0<strong>tradiciones\u00a0<\/strong>y la promesa de impulsar proyectos solidarios.<\/p>\n\n\n\n<p>La elecci\u00f3n de&nbsp;<strong>reina de la Vendimia 2025 de Luj\u00e1n de Cuyo<\/strong>&nbsp;se realiz\u00f3 mediante el&nbsp;<strong>voto digital<\/strong>, donde los vecinos emitieron el sufragio a trav\u00e9s de una plataforma digital accesible en la p\u00e1gina oficial del municipio.<\/p>\n\n\n\n<p>Pudieron votar las personas con domicilio en&nbsp;<strong>Luj\u00e1n<\/strong>, se les asign\u00f3 un usuario y contrase\u00f1a para ingresar al&nbsp;<strong>sitio web<\/strong>&nbsp;y desde ah\u00ed votar a la candidata de su preferencia.<\/p>\n\n\n\n<h2 class=\"wp-block-heading\">Qui\u00e9nes son la reina y la virreina de la Vendimia 2025 de Luj\u00e1n de Cuyo<\/h2>\n\n\n\n<p><strong>Yael Valentina Palazzo Mosca<\/strong>\u00a0fue electa\u00a0<strong>reina\u00a0<\/strong>departamental de la\u00a0<strong>Vendimia\u00a0<\/strong>2025 de Luj\u00e1n de Cuyo, y buscar\u00e1 la corona nacional el pr\u00f3ximo s\u00e1bado 8 de marzo en el teatro griego Frank Romero Day, cuando se realice la\u00a0<strong>Fiesta de la Vendimia 2025<\/strong>.<\/p>\n\n\n\n<p>Yael tiene 18 a\u00f1os, represent\u00f3 a sus vecinos de Mayo Drummond. En tanto, como&nbsp;<strong>virreina&nbsp;<\/strong>departamental se consagr\u00f3 Sof\u00eda Baggio, de 22 a\u00f1os, que dej\u00f3 en lo alto a su distrito de Agrelo.<\/p>\n\n\n\n<p>La&nbsp;<strong>reina departamental<\/strong>&nbsp;2024 Julieta Bosquet y su virreina Paz Egea entregaron los atributos reales muy emocionadas y agradecidas con los lujaninos porque haberlos representado durante este a\u00f1o.<\/p>\n\n\n\n<p><strong>La votaci\u00f3n digital de la reina de la Vendimia 2025 de Luj\u00e1n de Cuyo abarc\u00f3 1.700 sufragios en total.<\/strong><\/p>\n\n\n\n<p>El acto central en Luj\u00e1n se realiz\u00f3 despu\u00e9s de la elecci\u00f3n de la reina y virreina de la&nbsp;<strong>Vendimia 2025<\/strong>, y no antes como suele suceder. &#8220;Vendimia de la evoluci\u00f3n y el progreso&#8221;, dirigida por Mart\u00edn Gim\u00e9nez, cont\u00f3 con m\u00e1s de un centenar de artistas en escena.<\/p>\n\n\n\n<h2 class=\"wp-block-heading\">Juan Carlos Baglietto y Lito Vitale en la Vendimia 2025 de Luj\u00e1n de Cuyo<\/h2>\n\n\n\n<p>El d\u00fao Baglietto-Vitale volvi\u00f3 a presentarse en Mendoza, en el marco de una&nbsp;<strong>celebraci\u00f3n vendimial<\/strong>. Esta vez lo hizo en Luj\u00e1n de Cuyo, durante la previa de su fiesta departamental.<\/p>\n\n\n\n<p>Esta vez,\u00a0<strong>Juan Carlos Baglietto y Lito Vitale<\/strong>\u00a0ofrecieron su concierto Ahora Rock en la Vendimia 2025 de\u00a0<strong>Luj\u00e1n de Cuyo<\/strong>. En \u00e9l, los maestros de la m\u00fasica argentina repasaron cl\u00e1sicos del g\u00e9nero para conseguir ovaciones de parte del p\u00fablico que asisti\u00f3 a la fiesta en el Parque Ferri.<\/p>\n\n\n\n<p>Los m\u00fasicos tambi\u00e9n interpretaron joyas del\u00a0<strong>folclore<\/strong>\u00a0nacional. Se trat\u00f3, en definitiva, de una antolog\u00eda de canciones representativas de la m\u00fasica argentina.<\/p>\n\n\n\n<p>Fuente:www.diariouno.com.ar<\/p>\n","protected":false},"excerpt":{"rendered":"<p>Despu\u00e9s de abrir Guaymall\u00e9n el calendario de la\u00a0Vendimia 2025, este domingo por la noche fue el turno de\u00a0Luj\u00e1n de Cuyo. A trav\u00e9s de una votaci\u00f3n digital, vecinos del departamento coronaron a Yael Palazzo como\u00a0reina\u00a0departamental y a Sof\u00eda Baggio como su virreina. La Fiesta de la Vendimia de Luj\u00e1n de Cuyo se concret\u00f3 el domingo en [&hellip;]<\/p>\n","protected":false},"author":2,"featured_media":10625,"comment_status":"open","ping_status":"open","sticky":false,"template":"","format":"standard","meta":[],"categories":[74],"tags":[],"_links":{"self":[{"href":"https:\/\/pasaenmendoza.com\/index.php?rest_route=\/wp\/v2\/posts\/10624"}],"collection":[{"href":"https:\/\/pasaenmendoza.com\/index.php?rest_route=\/wp\/v2\/posts"}],"about":[{"href":"https:\/\/pasaenmendoza.com\/index.php?rest_route=\/wp\/v2\/types\/post"}],"author":[{"embeddable":true,"href":"https:\/\/pasaenmendoza.com\/index.php?rest_route=\/wp\/v2\/users\/2"}],"replies":[{"embeddable":true,"href":"https:\/\/pasaenmendoza.com\/index.php?rest_route=%2Fwp%2Fv2%2Fcomments&post=10624"}],"version-history":[{"count":1,"href":"https:\/\/pasaenmendoza.com\/index.php?rest_route=\/wp\/v2\/posts\/10624\/revisions"}],"predecessor-version":[{"id":10626,"href":"https:\/\/pasaenmendoza.com\/index.php?rest_route=\/wp\/v2\/posts\/10624\/revisions\/10626"}],"wp:featuredmedia":[{"embeddable":true,"href":"https:\/\/pasaenmendoza.com\/index.php?rest_route=\/wp\/v2\/media\/10625"}],"wp:attachment":[{"href":"https:\/\/pasaenmendoza.com\/index.php?rest_route=%2Fwp%2Fv2%2Fmedia&parent=10624"}],"wp:term":[{"taxonomy":"category","embeddable":true,"href":"https:\/\/pasaenmendoza.com\/index.php?rest_route=%2Fwp%2Fv2%2Fcategories&post=10624"},{"taxonomy":"post_tag","embeddable":true,"href":"https:\/\/pasaenmendoza.com\/index.php?rest_route=%2Fwp%2Fv2%2Ftags&post=10624"}],"curies":[{"name":"wp","href":"https:\/\/api.w.org\/{rel}","templated":true}]}}