{"id":10630,"date":"2024-12-16T21:56:20","date_gmt":"2024-12-16T20:56:20","guid":{"rendered":"https:\/\/pasaenmendoza.com\/?p=10630"},"modified":"2024-12-16T21:56:21","modified_gmt":"2024-12-16T20:56:21","slug":"el-destino-de-mendoza-que-se-destapo-durante-el-2024-sus-3-mejores-actividades-para-este-verano","status":"publish","type":"post","link":"https:\/\/pasaenmendoza.com\/?p=10630","title":{"rendered":"El destino de Mendoza que se destap\u00f3 durante el 2024: sus 3 mejores actividades para este verano"},"content":{"rendered":"\n<p>Durante el paso del 2024, las m\u00e9tricas tur\u00edsticas de la provincia de Mendoza destacaron a Malarg\u00fce por sobre el resto de destinos en un a\u00f1o con factores econ\u00f3micos complicados y un consumo que baj\u00f3 sus niveles. La oferta, el factor inesperado y de d\u00f3nde vienen los turistas que visitan ese departamento.<\/p>\n\n\n\n<p><em>\u201cContrariamente a lo sucedido en el 2024 en la mayor\u00eda de destinos del pa\u00eds, Malarg\u00fce no solo logr\u00f3 sostener el nivel de demanda, sino que adem\u00e1s aument\u00f3<\/em>\u201c, inform\u00f3<strong>&nbsp;Marcelo Reynoso<\/strong>, director de Desarrollo Tur\u00edstico e Innovaci\u00f3n de la Provincia.<\/p>\n\n\n\n<p>El crecimiento comentado por Reynoso corresponde a cerca de un 5% en comparaci\u00f3n con los datos de 2023. Para esto, tanto las ofertas tur\u00edsticas como de lugares como el complejo Valle de Las Le\u00f1as, la reserva natural la Payunia y el volc\u00e1n Malacara, entre otros, tuvieron un gran peso en posicionar a&nbsp;<strong>Malarg\u00fce&nbsp;<\/strong>como&nbsp;<em>\u201cel mejor destino de 2024\u201d.<\/em><\/p>\n\n\n\n<p><strong>Daniel Von Zedtwitz<\/strong>, director general de turismo en Malarg\u00fce, coment\u00f3 los detalles detr\u00e1s del \u00e9xito tur\u00edstico de esta localidad.<\/p>\n\n\n\n<p><em>\u201cHemos trabajado mucho en fortalecer la imagen de la marca de Malarg\u00fce a partir del reforzar la oferta tur\u00edstica de muchas localidades del departamento y de la infraestructura para la llegada de turismo<\/em>\u201c, explic\u00f3 el director malarg\u00fcino.<\/p>\n\n\n\n<h2 class=\"wp-block-heading\" id=\"h-la-gran-oferta-turistica\">La gran oferta tur\u00edstica<\/h2>\n\n\n\n<p>Con observatorios, volcanes, r\u00edos caudalosos, la monta\u00f1a andina, festivales de comida y culturales, y m\u00e1s, Malarg\u00fce supo diversificar sus atractivos para los visitantes.<\/p>\n\n\n\n<p>La \u00faltima gran inversi\u00f3n para agradar la oferta tur\u00edstica en Malarg\u00fce fue la inauguraci\u00f3n del<strong>&nbsp;Parque de Huellas de Dinosaurios&nbsp;<\/strong>en mayo de 2024. Este se sum\u00f3 a la larga lista de tipos de turismo que se pueden disfrutar dentro de este departamento mendocino, junto con actividades cient\u00edficas, de astroturismo, turismo aventura, turismo por pesca, festivales, entre otros.<\/p>\n\n\n\n<p>Reynoso explic\u00f3 que la gran cantidad de actividades de Malarg\u00fce, que se corresponden con su gran extensi\u00f3n geogr\u00e1fica (41.317 km\u00b2), se ven reflejadas en un flujo de turismo constante en las diferentes temporadas del a\u00f1o:<\/p>\n\n\n\n<p>\u201c<em>En el verano tiene una gran amplitud territorial, que lleva a infinidad de oportunidades para el turismo aventura, y se le sum\u00f3 una temporada invernal fant\u00e1stica porque nev\u00f3 a tiempo, previo al inicio de las vacaciones invernales y dur\u00f3 hasta septiembre\u201d.<\/em><\/p>\n\n\n\n<p>Dicho factor se puede apreciar al consultar a la direcci\u00f3n malarg\u00fcina sobre los meses que tuvieron una cantidad destacable de tr\u00e1fico tur\u00edstico: enero, febrero, marzo, junio, julio, agosto y diciembre, fueron los meses se\u00f1alados.<\/p>\n\n\n\n<h2 class=\"wp-block-heading\" id=\"h-que-hacer-en-este-verano\">Qu\u00e9 hacer en este verano<\/h2>\n\n\n\n<p>Dentro de esta gran oferta de cosas para hacer, el verano en Malarg\u00fce consta de varias actividades para el disfrute de los visitantes, entre la gran oferta para esta estaci\u00f3n se destacaron los 3 principales destinos:<\/p>\n\n\n\n<ul>\n<li><strong>La Payunia<\/strong><\/li>\n<\/ul>\n\n\n\n<p>Una reserva natural volc\u00e1nica, con m\u00e1s de 800 volcanes dentro de un espacio de m\u00e1s de 665 hect\u00e1reas. Est\u00e1 ubicado a 90 kil\u00f3metros de la ciudad de Malarg\u00fce, y a &nbsp;570 km de la ciudad de Mendoza.<\/p>\n\n\n\n<ul>\n<li><strong>Castillos de Pincheira<\/strong><\/li>\n<\/ul>\n\n\n\n<p>A 450 km de la ciudad de Mendoza y a 30 de Malarg\u00fce, la reserva natural Castillos de Pincheira se destaca como un lugar id\u00f3neo para acampar y hacer trekking y cabalgatas. Adem\u00e1s, cuenta con un camping privado con todas las comodidades.<\/p>\n\n\n\n<ul>\n<li><strong>Laguna Llacanelo<\/strong><\/li>\n<\/ul>\n\n\n\n<p>Es el humedal m\u00e1s grande de la provincia y escenario de nidificaci\u00f3n y migraci\u00f3n de una gran cantidad de aves, con m\u00e1s de 150 especies presentes en distintas partes del a\u00f1o.<\/p>\n\n\n\n<p>Se halla a 480 km al sur de la ciudad de Mendoza, en el Departamento de Malarg\u00fce, a 60 km de su villa cabecera<\/p>\n\n\n\n<h2 class=\"wp-block-heading\" id=\"h-un-factor-inesperado\">Un factor inesperado<\/h2>\n\n\n\n<p>Adem\u00e1s de los trabajos y condiciones clim\u00e1ticas que potenciaron la actividad tur\u00edstica en Malarg\u00fce, otra variable ayud\u00f3 a que el 2024 fuera un gran a\u00f1o.<\/p>\n\n\n\n<p>Este factor fue la gran popularidad que la pel\u00edcula&nbsp;<em>\u201cLa Sociedad de la Nieve<\/em>\u201c, nominada al premio Oscar como mejor pel\u00edcula extranjera. Este film relata la historia real de la odisea que tuvieron que vivir un grupo de j\u00f3venes uruguayos al sufrir un accidente de avi\u00f3n en la cordillera de Los Andes.<\/p>\n\n\n\n<p>Justamente el lugar donde cay\u00f3 el vuelo de los uruguayos fue dentro de los l\u00edmites de Malarg\u00fce, en el punto conocido como el Valle de las L\u00e1grimas. Esto llev\u00f3 a que miles de personas se dispusieran a realizar un recorrido a caballo que culmina en el punto justo donde se estrell\u00f3 la aeronave.<\/p>\n\n\n\n<p>Seg\u00fan Reynoso, esto&nbsp;<em>\u201ctuvo una potencia importante durante todo el verano\u201d.<\/em><\/p>\n\n\n\n<h2 class=\"wp-block-heading\" id=\"h-turismo-nacional-e-internacional\">Turismo nacional e internacional<\/h2>\n\n\n\n<p>Las mediciones marcan una l\u00f3gica prominencia del turismo nacional en el departamento mendocino. La mayor\u00eda de estos visitantes provienen de Buenos Aires, Santa Fe, C\u00f3rdoba y otras partes de Mendoza. En julio, presumiblemente el mes m\u00e1s activo para el turismo malarg\u00fcino, los turistas nacionales interesantes fueron m\u00e1s de 7.000.<\/p>\n\n\n\n<p>Por su parte, la llegada de extranjeros se bas\u00f3 principalmente en la entrada de turistas provenientes de Brasil.&nbsp;<em>El principal turista internacional viene de Brasil\u201d,<\/em>&nbsp;explic\u00f3 Von Zedtwitz. A este pa\u00eds lo siguen, Chile, Uruguay y Francia.<\/p>\n\n\n\n<p>La combinaci\u00f3n de los buenos registros de estos dos combinados, llev\u00f3 a que la actividad de\u00a0<strong>Malarg\u00fce\u00a0<\/strong>fuera excepcional.<\/p>\n\n\n\n<p><strong>Fuente: www.elsol.com.ar<\/strong><\/p>\n","protected":false},"excerpt":{"rendered":"<p>Durante el paso del 2024, las m\u00e9tricas tur\u00edsticas de la provincia de Mendoza destacaron a Malarg\u00fce por sobre el resto de destinos en un a\u00f1o con factores econ\u00f3micos complicados y un consumo que baj\u00f3 sus niveles. La oferta, el factor inesperado y de d\u00f3nde vienen los turistas que visitan ese departamento. \u201cContrariamente a lo sucedido [&hellip;]<\/p>\n","protected":false},"author":2,"featured_media":10631,"comment_status":"open","ping_status":"open","sticky":false,"template":"","format":"standard","meta":[],"categories":[64],"tags":[],"_links":{"self":[{"href":"https:\/\/pasaenmendoza.com\/index.php?rest_route=\/wp\/v2\/posts\/10630"}],"collection":[{"href":"https:\/\/pasaenmendoza.com\/index.php?rest_route=\/wp\/v2\/posts"}],"about":[{"href":"https:\/\/pasaenmendoza.com\/index.php?rest_route=\/wp\/v2\/types\/post"}],"author":[{"embeddable":true,"href":"https:\/\/pasaenmendoza.com\/index.php?rest_route=\/wp\/v2\/users\/2"}],"replies":[{"embeddable":true,"href":"https:\/\/pasaenmendoza.com\/index.php?rest_route=%2Fwp%2Fv2%2Fcomments&post=10630"}],"version-history":[{"count":1,"href":"https:\/\/pasaenmendoza.com\/index.php?rest_route=\/wp\/v2\/posts\/10630\/revisions"}],"predecessor-version":[{"id":10632,"href":"https:\/\/pasaenmendoza.com\/index.php?rest_route=\/wp\/v2\/posts\/10630\/revisions\/10632"}],"wp:featuredmedia":[{"embeddable":true,"href":"https:\/\/pasaenmendoza.com\/index.php?rest_route=\/wp\/v2\/media\/10631"}],"wp:attachment":[{"href":"https:\/\/pasaenmendoza.com\/index.php?rest_route=%2Fwp%2Fv2%2Fmedia&parent=10630"}],"wp:term":[{"taxonomy":"category","embeddable":true,"href":"https:\/\/pasaenmendoza.com\/index.php?rest_route=%2Fwp%2Fv2%2Fcategories&post=10630"},{"taxonomy":"post_tag","embeddable":true,"href":"https:\/\/pasaenmendoza.com\/index.php?rest_route=%2Fwp%2Fv2%2Ftags&post=10630"}],"curies":[{"name":"wp","href":"https:\/\/api.w.org\/{rel}","templated":true}]}}