{"id":10647,"date":"2024-12-18T13:00:16","date_gmt":"2024-12-18T12:00:16","guid":{"rendered":"https:\/\/pasaenmendoza.com\/?p=10647"},"modified":"2024-12-18T13:00:17","modified_gmt":"2024-12-18T12:00:17","slug":"tras-las-tormentas-asi-estara-el-tiempo-en-mendoza-este-miercoles","status":"publish","type":"post","link":"https:\/\/pasaenmendoza.com\/?p=10647","title":{"rendered":"Tras las tormentas, as\u00ed estar\u00e1 el tiempo en Mendoza este mi\u00e9rcoles"},"content":{"rendered":"\n<p><strong>La temperatura m\u00e1xima para este mi\u00e9rcoles ser\u00e1 de unos 31 grados cent\u00edgrados, mientras que la m\u00ednima subir\u00e1 a unos 18 grados cent\u00edgrados.<\/strong><\/p>\n\n\n\n<p>El pron\u00f3stico de la&nbsp;<strong>Direcci\u00f3n de Contingencias Clim\u00e1ticas<\/strong>&nbsp;adelant\u00f3 que estar\u00e1 \u201c<em>parcialmente nublado con leve descenso de la temperatura, vientos moderados del sector sur<\/em>\u201c.<\/p>\n\n\n\n<p>Para los que viajan a Chile, que en los \u00faltimos d\u00edas ha estado parcialmente nublado y con algunas precipitaciones: \u201c<em>Mejorando en cordillera<\/em>\u201c.<\/p>\n\n\n\n<p>El alivio es, al menos, por un d\u00eda ya que el jueves la temperatura vuelve a pegar un salto brusco y el calor ser\u00e1 sofocante otra vez.<\/p>\n\n\n\n<h2 class=\"wp-block-heading\" id=\"h-alerta-por-tormentas\">Alerta por tormentas<\/h2>\n\n\n\n<p>El\u00a0<strong>Servicio Meteorol\u00f3gico Nacional<\/strong>\u00a0adelant\u00f3\u00a0<strong>un alerta en nivel naranja por tormentas durante la noche del martes\u00a0<\/strong>para estas zonas de la provincia:\u00a0<strong>este de Las Heras, La Paz, Lavalle, San Mart\u00edn y Santa Rosa.<\/strong><\/p>\n\n\n\n<p>Esto implica: \u201c<em>El \u00e1rea ser\u00e1 afectada por tormentas, algunas&nbsp;<strong>localmente fuertes o severas.&nbsp;<\/strong>Las mismas estar\u00e1n acompa\u00f1adas por&nbsp;<strong>abundante ca\u00edda de agua, actividad el\u00e9ctrica intensa, granizo y r\u00e1fagas que podr\u00e1n superar los 90 kil\u00f3metros por hora. Se prev\u00e9n valores de precipitaci\u00f3n acumulada entre 40 y 70 mil\u00edmetros<\/strong>, pudiendo ser superados de forma puntual<\/em>\u201c.<\/p>\n\n\n\n<p>En la madruga se mantiene el alerta, pero<strong>&nbsp;en nivel amarillo&nbsp;<\/strong>para la misma regi\u00f3n.<\/p>\n\n\n\n<p>\u201c<em>El \u00e1rea ser\u00e1 afectada por tormentas aisladas, algunas localmente fuertes. Las mismas podr\u00e1n estar acompa\u00f1adas por\u00a0<strong>abundante ca\u00edda de agua en cortos periodos, actividad el\u00e9ctrica intensa, granizo y r\u00e1fagas que podr\u00e1n superar los 60 kil\u00f3metros por hora. Se esperan valores de precipitaci\u00f3n acumulada entre 20 y 50 mil\u00edmetros<\/strong>, pudiendo ser superados de forma puntual<\/em>\u201c.<\/p>\n\n\n\n<p><strong>Fuente: www.elsol.com.ar<\/strong><\/p>\n","protected":false},"excerpt":{"rendered":"<p>La temperatura m\u00e1xima para este mi\u00e9rcoles ser\u00e1 de unos 31 grados cent\u00edgrados, mientras que la m\u00ednima subir\u00e1 a unos 18 grados cent\u00edgrados. El pron\u00f3stico de la&nbsp;Direcci\u00f3n de Contingencias Clim\u00e1ticas&nbsp;adelant\u00f3 que estar\u00e1 \u201cparcialmente nublado con leve descenso de la temperatura, vientos moderados del sector sur\u201c. Para los que viajan a Chile, que en los \u00faltimos d\u00edas [&hellip;]<\/p>\n","protected":false},"author":2,"featured_media":10648,"comment_status":"open","ping_status":"open","sticky":false,"template":"","format":"standard","meta":[],"categories":[52],"tags":[],"_links":{"self":[{"href":"https:\/\/pasaenmendoza.com\/index.php?rest_route=\/wp\/v2\/posts\/10647"}],"collection":[{"href":"https:\/\/pasaenmendoza.com\/index.php?rest_route=\/wp\/v2\/posts"}],"about":[{"href":"https:\/\/pasaenmendoza.com\/index.php?rest_route=\/wp\/v2\/types\/post"}],"author":[{"embeddable":true,"href":"https:\/\/pasaenmendoza.com\/index.php?rest_route=\/wp\/v2\/users\/2"}],"replies":[{"embeddable":true,"href":"https:\/\/pasaenmendoza.com\/index.php?rest_route=%2Fwp%2Fv2%2Fcomments&post=10647"}],"version-history":[{"count":1,"href":"https:\/\/pasaenmendoza.com\/index.php?rest_route=\/wp\/v2\/posts\/10647\/revisions"}],"predecessor-version":[{"id":10649,"href":"https:\/\/pasaenmendoza.com\/index.php?rest_route=\/wp\/v2\/posts\/10647\/revisions\/10649"}],"wp:featuredmedia":[{"embeddable":true,"href":"https:\/\/pasaenmendoza.com\/index.php?rest_route=\/wp\/v2\/media\/10648"}],"wp:attachment":[{"href":"https:\/\/pasaenmendoza.com\/index.php?rest_route=%2Fwp%2Fv2%2Fmedia&parent=10647"}],"wp:term":[{"taxonomy":"category","embeddable":true,"href":"https:\/\/pasaenmendoza.com\/index.php?rest_route=%2Fwp%2Fv2%2Fcategories&post=10647"},{"taxonomy":"post_tag","embeddable":true,"href":"https:\/\/pasaenmendoza.com\/index.php?rest_route=%2Fwp%2Fv2%2Ftags&post=10647"}],"curies":[{"name":"wp","href":"https:\/\/api.w.org\/{rel}","templated":true}]}}