{"id":10650,"date":"2024-12-18T13:07:07","date_gmt":"2024-12-18T12:07:07","guid":{"rendered":"https:\/\/pasaenmendoza.com\/?p=10650"},"modified":"2024-12-18T13:07:07","modified_gmt":"2024-12-18T12:07:07","slug":"caso-loan-pena-asi-pasa-los-dias-laudelina-en-la-carcel-de-mendoza","status":"publish","type":"post","link":"https:\/\/pasaenmendoza.com\/?p=10650","title":{"rendered":"Caso Loan Pe\u00f1a: as\u00ed pasa los d\u00edas Laudelina en la c\u00e1rcel de Mendoza"},"content":{"rendered":"\n<p><strong>Laudelina Pe\u00f1a<\/strong>\u00a0&#8220;est\u00e1 bien&#8221;\u00a0y aguarda &#8220;la decisi\u00f3n de la C\u00e1mara de Casaci\u00f3n&#8221; en torno a su\u00a0responsabilidad por la desaparici\u00f3n de su sobrino,\u00a0<strong>Loan Pe\u00f1a<\/strong>\u00a0(5), en Corrientes.\u00a0Esto fue confirmado por su\u00a0abogada, M\u00f3nica Chiriv\u00edn. \u00a0 \u00a0\u00a0<\/p>\n\n\n\n<p>&#8220;Habl\u00e9 con ella y est\u00e1 bien, vamos a ver si logramos que le permitan una videollamada, as\u00ed se comunica con los hijos&#8221;,\u00a0confi\u00f3 la letrada.<\/p>\n\n\n\n<p>En declaraciones a la agencia Noticias Argentinas, la defensora&nbsp;ratific\u00f3 que la acusada&nbsp;espera una resoluci\u00f3n de la c\u00e1mara, luego de haber apelado el procesamiento impuesto por la jueza Cristina Pozzer Penzo, como una de las siete personas imputadas que tiene la causa.&nbsp;<\/p>\n\n\n\n<p>&#8220;Ella est\u00e1 al tanto de todo, ahora hay que esperar&#8221;, agreg\u00f3 Chiriv\u00edn\u00a0sobre la detenida, quien en una de sus primeras declaraciones hab\u00eda dado una pista falsa:\u00a0un supuesto accidente que hab\u00eda sufrido el ni\u00f1o el 13 de junio pasado.\u00a0<\/p>\n\n\n\n<p>La t\u00eda de\u00a0<strong>Loan<\/strong>\u00a0est\u00e1\u00a0procesada con prisi\u00f3n preventiva\u00a0en la c\u00e1rcel federal de Mendoza,\u00a0en\u00a0Luj\u00e1n de Cuyo,\u00a0por su presunta participaci\u00f3n en el ocultamiento de la v\u00edctima.\u00a0<\/p>\n\n\n\n<p>&#8220;El comportamiento de&nbsp;<strong>Laudelina Pe\u00f1a&nbsp;<\/strong>aumenta considerablemente el&nbsp;riesgo de fuga,&nbsp;pero principalmente de&nbsp;entorpecimiento de las investigaciones&nbsp;en funci\u00f3n de las pruebas con que cuento en el supuesto de concederse alguna forma de morigeraci\u00f3n&#8221;, asever\u00f3 recientemente la magistrada, en su fallo sobre el procesamiento. &nbsp; &nbsp; &nbsp;<\/p>\n\n\n\n<p>Asimismo, y en el marco del caso,\u00a0tambi\u00e9n fueron procesados Bernardino Antonio Ben\u00edtez; Mar\u00eda Victoria Caillava y su esposo, Carlos P\u00e9rez; Daniel Ram\u00edrez y su pareja, M\u00f3nica del Carmen Millapi, y el excomisario de 9 de Julio, Walter Maciel.\u00a0<\/p>\n\n\n\n<p><strong>Fuente: www.mdzol.com<\/strong><\/p>\n","protected":false},"excerpt":{"rendered":"<p>Laudelina Pe\u00f1a\u00a0&#8220;est\u00e1 bien&#8221;\u00a0y aguarda &#8220;la decisi\u00f3n de la C\u00e1mara de Casaci\u00f3n&#8221; en torno a su\u00a0responsabilidad por la desaparici\u00f3n de su sobrino,\u00a0Loan Pe\u00f1a\u00a0(5), en Corrientes.\u00a0Esto fue confirmado por su\u00a0abogada, M\u00f3nica Chiriv\u00edn. \u00a0 \u00a0\u00a0 &#8220;Habl\u00e9 con ella y est\u00e1 bien, vamos a ver si logramos que le permitan una videollamada, as\u00ed se comunica con los hijos&#8221;,\u00a0confi\u00f3 la [&hellip;]<\/p>\n","protected":false},"author":2,"featured_media":10651,"comment_status":"open","ping_status":"open","sticky":false,"template":"","format":"standard","meta":[],"categories":[48],"tags":[],"_links":{"self":[{"href":"https:\/\/pasaenmendoza.com\/index.php?rest_route=\/wp\/v2\/posts\/10650"}],"collection":[{"href":"https:\/\/pasaenmendoza.com\/index.php?rest_route=\/wp\/v2\/posts"}],"about":[{"href":"https:\/\/pasaenmendoza.com\/index.php?rest_route=\/wp\/v2\/types\/post"}],"author":[{"embeddable":true,"href":"https:\/\/pasaenmendoza.com\/index.php?rest_route=\/wp\/v2\/users\/2"}],"replies":[{"embeddable":true,"href":"https:\/\/pasaenmendoza.com\/index.php?rest_route=%2Fwp%2Fv2%2Fcomments&post=10650"}],"version-history":[{"count":1,"href":"https:\/\/pasaenmendoza.com\/index.php?rest_route=\/wp\/v2\/posts\/10650\/revisions"}],"predecessor-version":[{"id":10652,"href":"https:\/\/pasaenmendoza.com\/index.php?rest_route=\/wp\/v2\/posts\/10650\/revisions\/10652"}],"wp:featuredmedia":[{"embeddable":true,"href":"https:\/\/pasaenmendoza.com\/index.php?rest_route=\/wp\/v2\/media\/10651"}],"wp:attachment":[{"href":"https:\/\/pasaenmendoza.com\/index.php?rest_route=%2Fwp%2Fv2%2Fmedia&parent=10650"}],"wp:term":[{"taxonomy":"category","embeddable":true,"href":"https:\/\/pasaenmendoza.com\/index.php?rest_route=%2Fwp%2Fv2%2Fcategories&post=10650"},{"taxonomy":"post_tag","embeddable":true,"href":"https:\/\/pasaenmendoza.com\/index.php?rest_route=%2Fwp%2Fv2%2Ftags&post=10650"}],"curies":[{"name":"wp","href":"https:\/\/api.w.org\/{rel}","templated":true}]}}