{"id":10656,"date":"2024-12-18T19:29:34","date_gmt":"2024-12-18T18:29:34","guid":{"rendered":"https:\/\/pasaenmendoza.com\/?p=10656"},"modified":"2024-12-18T19:29:35","modified_gmt":"2024-12-18T18:29:35","slug":"la-dge-dio-continuidad-en-sus-cargos-a-los-docentes-suplentes-para-el-ciclo-lectivo-2025","status":"publish","type":"post","link":"https:\/\/pasaenmendoza.com\/?p=10656","title":{"rendered":"La DGE dio continuidad en sus cargos a los docentes suplentes para el ciclo lectivo 2025"},"content":{"rendered":"\n<p>Con el objetivo de optimizar la prestaci\u00f3n del servicio educativo en Mendoza, la\u00a0<strong>DGE\u00a0<\/strong>le dio\u00a0<strong>continuidad en sus cargos a los docentes suplentes<\/strong>\u00a0para el ciclo lectivo 2025. A partir del \u00faltimo d\u00eda laboral del actual calendario escolar, se garantiza la labor de los docentes que se desempe\u00f1an en cargos y horas vacantes hasta diciembre del a\u00f1o que viene.<\/p>\n\n\n\n<p>Se refiere a quienes est\u00e9n reemplazando a&nbsp;<strong>docentes titulares<\/strong>&nbsp;con reserva de cargo y a docentes titulares que se encuentren en uso de licencias previstas en los diferentes art\u00edculos. La normativa tambi\u00e9n se\u00f1ala la continuidad del personal docente que cumple con otros casos de reemplazos.<\/p>\n\n\n\n<p>Esta resoluci\u00f3n N\u00b06.533, que lleva la firma del ministro\u00a0<strong>Tadeo Garc\u00eda Zalazar<\/strong>, busca garantizar el comienzo del\u00a0<strong>ciclo lectivo 2025<\/strong>\u00a0y su normal desarrollo anual. Los directores y directoras de cada escuela deber\u00e1n comunicar la medida a sus docentes suplentes.<\/p>\n\n\n\n<p><strong>La norma hace las especificaciones generales y propias de cada nivel y modalidad educativa para el desempe\u00f1o de los docentes suplentes.<\/strong><\/p>\n\n\n\n<p>De este modo, comprende a quienes est\u00e1n al frente del aula en los niveles&nbsp;<strong>Inicial, Primario y Secundario<\/strong>; en Educaci\u00f3n Permanente de J\u00f3venes y Adultos (Centros de Educaci\u00f3n B\u00e1sica de J\u00f3venes y Adultos y Centros Educativos de Nivel Secundario), en Educaci\u00f3n Especial, en escuelas secundarias orientadas y t\u00e9cnicas; en Centros de Capacitaci\u00f3n para el Trabajo; y tambi\u00e9n en escuelas art\u00edsticas vocacionales.<\/p>\n\n\n\n<h2 class=\"wp-block-heading\">Los docentes suplentes que la DGE les asegur\u00f3 continuidad<\/h2>\n\n\n\n<p>En su resoluci\u00f3n legal, la DGE ofreci\u00f3 la continuidad hasta el&nbsp;<strong>31 de diciembre de 2025<\/strong>&nbsp;a los docentes que hayan accedido en 4\u00ba llamado o con carpetas de antecedentes, en Nivel Inicial, Primario, Secundaria Orientada, T\u00e9cnica y Trabajo, Educaci\u00f3n Permanente de J\u00f3venes y Adultos y Educaci\u00f3n Especial.<\/p>\n\n\n\n<p>Estos\u00a0<strong>docentes suplentes<\/strong>, aclara la DGE, deber\u00e1n tener\u00a0<strong>20 materias aprobadas<\/strong>\u00a0en la carrera que cursan y adem\u00e1s acreditar al menos una materia rendida y aprobada en el ciclo lectivo 2024 (seg\u00fan Certificado Anal\u00edtico incompleto de la carrera que otorga competencia en 4\u00b0 llamado).<\/p>\n\n\n\n<p>La medida tambi\u00e9n alcanza a los docentes que hayan accedido en 4\u00ba llamado o con carpetas de antecedentes en las&nbsp;<strong>escuelas art\u00edsticas vocacionales<\/strong>&nbsp;y los Centros de Capacitaci\u00f3n para el Trabajo.<\/p>\n\n\n\n<p>La continuidad laboral en el sistema educativo incluye a directores y docentes del\u00a0<strong>Programa Provincial de Coros y Orquestas Infantiles y Juveniles<\/strong>.<\/p>\n\n\n\n<p><strong>Fuente: www.diariouno.com.ar<\/strong><\/p>\n","protected":false},"excerpt":{"rendered":"<p>Con el objetivo de optimizar la prestaci\u00f3n del servicio educativo en Mendoza, la\u00a0DGE\u00a0le dio\u00a0continuidad en sus cargos a los docentes suplentes\u00a0para el ciclo lectivo 2025. A partir del \u00faltimo d\u00eda laboral del actual calendario escolar, se garantiza la labor de los docentes que se desempe\u00f1an en cargos y horas vacantes hasta diciembre del a\u00f1o que [&hellip;]<\/p>\n","protected":false},"author":2,"featured_media":10657,"comment_status":"open","ping_status":"open","sticky":false,"template":"","format":"standard","meta":[],"categories":[56],"tags":[],"_links":{"self":[{"href":"https:\/\/pasaenmendoza.com\/index.php?rest_route=\/wp\/v2\/posts\/10656"}],"collection":[{"href":"https:\/\/pasaenmendoza.com\/index.php?rest_route=\/wp\/v2\/posts"}],"about":[{"href":"https:\/\/pasaenmendoza.com\/index.php?rest_route=\/wp\/v2\/types\/post"}],"author":[{"embeddable":true,"href":"https:\/\/pasaenmendoza.com\/index.php?rest_route=\/wp\/v2\/users\/2"}],"replies":[{"embeddable":true,"href":"https:\/\/pasaenmendoza.com\/index.php?rest_route=%2Fwp%2Fv2%2Fcomments&post=10656"}],"version-history":[{"count":1,"href":"https:\/\/pasaenmendoza.com\/index.php?rest_route=\/wp\/v2\/posts\/10656\/revisions"}],"predecessor-version":[{"id":10658,"href":"https:\/\/pasaenmendoza.com\/index.php?rest_route=\/wp\/v2\/posts\/10656\/revisions\/10658"}],"wp:featuredmedia":[{"embeddable":true,"href":"https:\/\/pasaenmendoza.com\/index.php?rest_route=\/wp\/v2\/media\/10657"}],"wp:attachment":[{"href":"https:\/\/pasaenmendoza.com\/index.php?rest_route=%2Fwp%2Fv2%2Fmedia&parent=10656"}],"wp:term":[{"taxonomy":"category","embeddable":true,"href":"https:\/\/pasaenmendoza.com\/index.php?rest_route=%2Fwp%2Fv2%2Fcategories&post=10656"},{"taxonomy":"post_tag","embeddable":true,"href":"https:\/\/pasaenmendoza.com\/index.php?rest_route=%2Fwp%2Fv2%2Ftags&post=10656"}],"curies":[{"name":"wp","href":"https:\/\/api.w.org\/{rel}","templated":true}]}}