{"id":10659,"date":"2024-12-18T19:37:39","date_gmt":"2024-12-18T18:37:39","guid":{"rendered":"https:\/\/pasaenmendoza.com\/?p=10659"},"modified":"2024-12-18T19:39:17","modified_gmt":"2024-12-18T18:39:17","slug":"los-privados-que-asoman-para-gestionar-el-hospital-de-lujan-de-cuyo-en-una-modalidad-inedita","status":"publish","type":"post","link":"https:\/\/pasaenmendoza.com\/?p=10659","title":{"rendered":"Los privados que asoman para gestionar el hospital de Luj\u00e1n de Cuyo en una modalidad in\u00e9dita"},"content":{"rendered":"\n<p>El ministro de Salud,&nbsp;<strong>Rodolfo Montero<\/strong>, anunci\u00f3 que el&nbsp;hospital de&nbsp;<strong><a rel=\"noreferrer noopener\" href=\"https:\/\/www.diariouno.com.ar\/tags\/hospital\" target=\"_blank\"><\/a>Luj\u00e1n de Cuyo<\/strong>&nbsp;ser\u00e1 concesionado a un privado, al que el Gobierno le pagar\u00e1 las prestaciones para la poblaci\u00f3n que no tenga cobertura m\u00e9dica. El borrador del pliego se present\u00f3 ante referentes de las cl\u00ednicas de Mendoza, como los due\u00f1os de la Cl\u00ednica de Cuyo, la cl\u00ednica de Luj\u00e1n de Cuyo, el grupo Olmos y el sanatorio regional de Luj\u00e1n. La propuesta se extender\u00e1 a otros&nbsp;<strong>inversores<\/strong>&nbsp;nacionales y se licitar\u00e1 en febrero.<\/p>\n\n\n\n<p>La idea fue muy bien recibida en aquellos grupos empresariales que gestionan este tipo de servicios de la salud. Tambi\u00e9n indicaron que los locales -como es el sanatorio regional de<strong>&nbsp;Luj\u00e1n de Cuyo<\/strong>&#8211; ya estuvieron recorriendo las instalaciones del inconcluso hospital, que por ahora tiene consultorios externos.<\/p>\n\n\n\n<p>El director Ejecutivo de la Cl\u00ednica de Cuyo,&nbsp;<strong>Andr\u00e9s Donadi<\/strong>, confirm\u00f3&nbsp;que les pareci\u00f3 muy atractiva la iniciativa del gobierno de gestionar con un privado el servicio asistencial y &#8220;fundamentalmente para nosotros volcar la experiencia de Cl\u00ednica de Cuyo en un&nbsp;<strong>hospital p\u00fablico<\/strong>, al nivel que lo hacen pa\u00edses como Espa\u00f1a o Canad\u00e1&#8221;.<\/p>\n\n\n\n<p>&#8220;Hoy no tenemos nada cerrado, pero lo estamos estudiando y es muy posible que participemos de la&nbsp;<strong>licitaci\u00f3n<\/strong>&#8220;, adelant\u00f3 el facultativo.<\/p>\n\n\n\n<h2 class=\"wp-block-heading\"><strong>Etapas e inversi\u00f3n para el hospital de Luj\u00e1n de Cuyo<\/strong><\/h2>\n\n\n\n<p>Seg\u00fan pudo saber este medio, en los primeros 5 a\u00f1os quienes ganen la&nbsp;<strong>licitaci\u00f3n&nbsp;<\/strong>deber\u00e1n poner en marcha al&nbsp;<strong>hospital de Luj\u00e1n de Cuyo<\/strong>&nbsp;que hoy no est\u00e1 operativo e iniciar la construcci\u00f3n de los quir\u00f3fanos. Se estima que se requerir\u00e1n 3 mil millones de pesos.<\/p>\n\n\n\n<p>En una primera instancia se brindar\u00e1 el servicio de atenci\u00f3n de<strong>&nbsp;baja complejidad<\/strong>&nbsp;y la concesi\u00f3n tendr\u00e1 objetivos por etapas.<\/p>\n\n\n\n<p>&#8220;El foco est\u00e1 puesto en el usuario. Los cambios son internos de funcionamiento, pero no en el servicio que va a ser igual que si se estuviera atendiendo en el hospital Notti, en el Central o en el Lagomaggiore. Lo importante es hacer foco en la calidad y que aquella persona que no tenga&nbsp;<strong>obra social<\/strong>&nbsp;no va a tener que pagar a la hora de acceder a los servicios&#8221;, explic\u00f3 el ministro de Salud.<\/p>\n\n\n\n<p>Montero destac\u00f3 el rol del privado en terminar de pulir las bases del pliego de licitaci\u00f3n para que sea&nbsp;<strong>sustentable&nbsp;<\/strong>y se presenten la mayor cantidad.<\/p>\n\n\n\n<p>En el caso local, los due\u00f1os del sanatorio regional de&nbsp;<strong>Luj\u00e1n de Cuyo<\/strong>, como de la cl\u00ednica de Luj\u00e1n. El primero a cargo del m\u00e9dico Rafael F\u00e9lix, reconocido en la comunidad y pariente de los hermanos Omar y Emir F\u00e9lix en el Sur mendocino.<\/p>\n\n\n\n<p>&#8220;Participaron de la&nbsp;<strong>reuni\u00f3n con Salud<\/strong>&nbsp;y adem\u00e1s estuvieron haciendo una visita a las instalaciones&#8221;, dijo un alta fuente consultada.<\/p>\n\n\n\n<ul>\n<li><em><strong>Primera etapa<\/strong>:&nbsp;<\/em>El privado deber\u00e1 poner en funcionamiento consultorios m\u00e9dicos y atenci\u00f3n ambulatoria de demanda espont\u00e1nea, en un horario acotado y con foco en servicios de baja complejidad. Esta etapa inicial no incluir\u00e1 atenci\u00f3n de accidentes graves ni casos pedi\u00e1tricos cr\u00edticos, pero permitir\u00e1 resolver hasta 90% de las consultas habituales del sistema de salud p\u00fablica.<\/li>\n\n\n\n<li><strong><em>Segunda etapa<\/em><\/strong>: Se requerir\u00e1 al concesionario realizar inversiones para ampliar los servicios del hospital, incorporando internaci\u00f3n, quir\u00f3fanos y otras prestaciones, bajo la categor\u00eda de hospital de baja complejidad (nivel 1).<\/li>\n\n\n\n<li><strong>&nbsp;<em>Cobertura de la demanda<\/em>:&nbsp;<\/strong>Entre 40% y 60% de los pacientes atendidos deber\u00e1n ser sin obra social, es decir, a cargo del sector p\u00fablico. Las prestaciones ser\u00e1n abonadas por el Ministerio de Salud a valores del&nbsp;nomenclador del Reforsal, aplicando un descuento. El resto de los servicios estar\u00e1 dirigido a pacientes con cobertura, cuyos costos ser\u00e1n asumidos por las obras sociales o financiadores privados.<\/li>\n<\/ul>\n\n\n\n<p><strong>Fuente: www.diariouno.com.ar<\/strong><\/p>\n","protected":false},"excerpt":{"rendered":"<p>El ministro de Salud,&nbsp;Rodolfo Montero, anunci\u00f3 que el&nbsp;hospital de&nbsp;Luj\u00e1n de Cuyo&nbsp;ser\u00e1 concesionado a un privado, al que el Gobierno le pagar\u00e1 las prestaciones para la poblaci\u00f3n que no tenga cobertura m\u00e9dica. El borrador del pliego se present\u00f3 ante referentes de las cl\u00ednicas de Mendoza, como los due\u00f1os de la Cl\u00ednica de Cuyo, la cl\u00ednica de [&hellip;]<\/p>\n","protected":false},"author":2,"featured_media":10660,"comment_status":"open","ping_status":"open","sticky":false,"template":"","format":"standard","meta":[],"categories":[58],"tags":[],"_links":{"self":[{"href":"https:\/\/pasaenmendoza.com\/index.php?rest_route=\/wp\/v2\/posts\/10659"}],"collection":[{"href":"https:\/\/pasaenmendoza.com\/index.php?rest_route=\/wp\/v2\/posts"}],"about":[{"href":"https:\/\/pasaenmendoza.com\/index.php?rest_route=\/wp\/v2\/types\/post"}],"author":[{"embeddable":true,"href":"https:\/\/pasaenmendoza.com\/index.php?rest_route=\/wp\/v2\/users\/2"}],"replies":[{"embeddable":true,"href":"https:\/\/pasaenmendoza.com\/index.php?rest_route=%2Fwp%2Fv2%2Fcomments&post=10659"}],"version-history":[{"count":2,"href":"https:\/\/pasaenmendoza.com\/index.php?rest_route=\/wp\/v2\/posts\/10659\/revisions"}],"predecessor-version":[{"id":10662,"href":"https:\/\/pasaenmendoza.com\/index.php?rest_route=\/wp\/v2\/posts\/10659\/revisions\/10662"}],"wp:featuredmedia":[{"embeddable":true,"href":"https:\/\/pasaenmendoza.com\/index.php?rest_route=\/wp\/v2\/media\/10660"}],"wp:attachment":[{"href":"https:\/\/pasaenmendoza.com\/index.php?rest_route=%2Fwp%2Fv2%2Fmedia&parent=10659"}],"wp:term":[{"taxonomy":"category","embeddable":true,"href":"https:\/\/pasaenmendoza.com\/index.php?rest_route=%2Fwp%2Fv2%2Fcategories&post=10659"},{"taxonomy":"post_tag","embeddable":true,"href":"https:\/\/pasaenmendoza.com\/index.php?rest_route=%2Fwp%2Fv2%2Ftags&post=10659"}],"curies":[{"name":"wp","href":"https:\/\/api.w.org\/{rel}","templated":true}]}}