{"id":10669,"date":"2024-12-18T21:31:22","date_gmt":"2024-12-18T20:31:22","guid":{"rendered":"https:\/\/pasaenmendoza.com\/?p=10669"},"modified":"2024-12-18T21:31:23","modified_gmt":"2024-12-18T20:31:23","slug":"caso-guardati-detuvieron-a-tres-ex-policias-por-la-desaparicion-ocurrida-hace-32-anos","status":"publish","type":"post","link":"https:\/\/pasaenmendoza.com\/?p=10669","title":{"rendered":"Caso Guardati: detuvieron a tres ex polic\u00edas por la desaparici\u00f3n ocurrida hace 32 a\u00f1os"},"content":{"rendered":"\n<p>Tres expolic\u00edas fueron detenidos por la desaparici\u00f3n de Paulo Christian Guardati, ocurrida en 1992 en Godoy Cruz. El magistrado Marcelo Garnica, a cargo del Juzgado Federal N\u00ba3, orden\u00f3 la detenci\u00f3n.<\/p>\n\n\n\n<p>Garnica imput\u00f3 a&nbsp;<strong>Ram\u00f3n Ignacio Ahumada y a Adolfo Siniscalchi<\/strong>&nbsp;como autores, mientras que a&nbsp;<strong>Ram\u00f3n Falc\u00f3n<\/strong>&nbsp;lo proces\u00f3 como coautor, por el art\u00edculo 142 del C\u00f3digo Penal<\/p>\n\n\n\n<p>Siniscalchi tambi\u00e9n estuvo involucrado en la\u00a0<strong>megacausa del llamado D2<\/strong>, el ex centro de detenci\u00f3n y torturas que la Polic\u00eda de Mendoza ten\u00eda sobre calle Belgrano de Ciudad en la Dictadura.<\/p>\n\n\n\n<p>Falc\u00f3n, por su lado, estuvo\u00a0<strong>procesado en la doble desaparici\u00f3n<\/strong>\u00a0que tambi\u00e9n marc\u00f3 a la provincia por aquella \u00e9poca: la de\u00a0<strong>los alba\u00f1iles\u00a0Adolfo Garrido y Ra\u00fal Baigorria<\/strong>, ocurrida en abril de 1990.<\/p>\n\n\n\n<p>El art\u00edculo 142 establece la pena \u201c<em>de 10 a 25 a\u00f1os de prisi\u00f3n e inhabilitaci\u00f3n de absoluta y perpetua para el ejercicio de cualquier funci\u00f3n p\u00fablica y para tareas de seguridad privada, al funcionario p\u00fablico o a la persona o miembro de un grupo de personas que, actuando con la autorizaci\u00f3n, el apoyo o la aquiescencia del Estado, de cualquier forma, privare de la libertad a una o m\u00e1s personas, cuando este accionar fuera seguido de la falta de informaci\u00f3n o de la negativa a reconocer dicha privaci\u00f3n de libertad o de informar sobre el paradero de la persona<\/em>\u201c.<\/p>\n\n\n\n<p>Pero lo extiende a perpetua \u201c<em>si resultare la muerte o si la v\u00edctima fuere una mujer embarazada, una persona menor de 18 a\u00f1os, una persona mayor de 70 a\u00f1os o una persona con discapacidad<\/em>\u201c.<\/p>\n\n\n\n<h2 class=\"wp-block-heading\" id=\"h-la-desaparicion-y-la-busqueda\">La desaparici\u00f3n y la b\u00fasqueda<\/h2>\n\n\n\n<p>Guardati ten\u00eda 21 a\u00f1os cuando desapareci\u00f3 el 24 mayo de 1992, mientras volv\u00eda de un baile junto a algunos amigos en la escuela del barrio La Estanzuela.<\/p>\n\n\n\n<p>Los testigos detallaron en su momento que fue arrestado por un supuesto polic\u00eda de civil y llevado a la fuerza a la comisar\u00eda de ese barrio del oeste de Godoy Cruz, pero no figur\u00f3 en los registros de detenciones.<\/p>\n\n\n\n<p>Ese fue el \u00faltimo momento en que se lo vio, aunque algunas personas declararon ver cuando lo enterraban en el Cementerio de la Capital.<\/p>\n\n\n\n<p>En ese lugar se hicieron exhumaciones en varias oportunidades, pero sin \u00e9xito. La \u00faltima fue en julio de 2023. Los restos fueron enviados para su identificaci\u00f3n a un laboratorio de la Universidad Nacional de Buenos Aires. Tambi\u00e9n hubo\u00a0rastrillajes en el pedemonte.<\/p>\n\n\n\n<p>Luego de que la Justicia provincial no pudiera resolver la desaparici\u00f3n, la investigaci\u00f3n pas\u00f3 a la \u00f3rbita de la Justicia Federal en 2021.<\/p>\n\n\n\n<p>En el extenso proceso, la instrucci\u00f3n tuvo a cuatro polic\u00edas procesados.<\/p>\n\n\n\n<p>Se trata de\u00a0<strong>Walter Rub\u00e9n Godoy<\/strong>,<strong>\u00a0Jos\u00e9 Aracena\u00a0<\/strong>y<strong>\u00a0Walter Rolando P\u00e1ez<\/strong>\u00a0y\u00a0<strong>Oscar Ram\u00f3n Luffi<\/strong>, que posteriormente fueron sobrese\u00eddos. Todos prestaban servicio en La Estanzuela aquella noche.<\/p>\n\n\n\n<p>S\u00f3lo en los primeros cuatro a\u00f1os, la causa tuvo 9 jueces intervinientes.<\/p>\n\n\n\n<p>En 1997 la Corte Interamericana de Derechos Humanos declar\u00f3 el caso como una desaparici\u00f3n forzada y el pa\u00eds termin\u00f3 condenado a pagar una indemnizaci\u00f3n a la familia.<\/p>\n\n\n\n<p><strong>Fuente: www.elsol.com.ar<\/strong><\/p>\n","protected":false},"excerpt":{"rendered":"<p>Tres expolic\u00edas fueron detenidos por la desaparici\u00f3n de Paulo Christian Guardati, ocurrida en 1992 en Godoy Cruz. El magistrado Marcelo Garnica, a cargo del Juzgado Federal N\u00ba3, orden\u00f3 la detenci\u00f3n. Garnica imput\u00f3 a&nbsp;Ram\u00f3n Ignacio Ahumada y a Adolfo Siniscalchi&nbsp;como autores, mientras que a&nbsp;Ram\u00f3n Falc\u00f3n&nbsp;lo proces\u00f3 como coautor, por el art\u00edculo 142 del C\u00f3digo Penal Siniscalchi [&hellip;]<\/p>\n","protected":false},"author":2,"featured_media":10670,"comment_status":"open","ping_status":"open","sticky":false,"template":"","format":"standard","meta":[],"categories":[48],"tags":[],"_links":{"self":[{"href":"https:\/\/pasaenmendoza.com\/index.php?rest_route=\/wp\/v2\/posts\/10669"}],"collection":[{"href":"https:\/\/pasaenmendoza.com\/index.php?rest_route=\/wp\/v2\/posts"}],"about":[{"href":"https:\/\/pasaenmendoza.com\/index.php?rest_route=\/wp\/v2\/types\/post"}],"author":[{"embeddable":true,"href":"https:\/\/pasaenmendoza.com\/index.php?rest_route=\/wp\/v2\/users\/2"}],"replies":[{"embeddable":true,"href":"https:\/\/pasaenmendoza.com\/index.php?rest_route=%2Fwp%2Fv2%2Fcomments&post=10669"}],"version-history":[{"count":1,"href":"https:\/\/pasaenmendoza.com\/index.php?rest_route=\/wp\/v2\/posts\/10669\/revisions"}],"predecessor-version":[{"id":10671,"href":"https:\/\/pasaenmendoza.com\/index.php?rest_route=\/wp\/v2\/posts\/10669\/revisions\/10671"}],"wp:featuredmedia":[{"embeddable":true,"href":"https:\/\/pasaenmendoza.com\/index.php?rest_route=\/wp\/v2\/media\/10670"}],"wp:attachment":[{"href":"https:\/\/pasaenmendoza.com\/index.php?rest_route=%2Fwp%2Fv2%2Fmedia&parent=10669"}],"wp:term":[{"taxonomy":"category","embeddable":true,"href":"https:\/\/pasaenmendoza.com\/index.php?rest_route=%2Fwp%2Fv2%2Fcategories&post=10669"},{"taxonomy":"post_tag","embeddable":true,"href":"https:\/\/pasaenmendoza.com\/index.php?rest_route=%2Fwp%2Fv2%2Ftags&post=10669"}],"curies":[{"name":"wp","href":"https:\/\/api.w.org\/{rel}","templated":true}]}}