{"id":10672,"date":"2024-12-19T13:36:34","date_gmt":"2024-12-19T12:36:34","guid":{"rendered":"https:\/\/pasaenmendoza.com\/?p=10672"},"modified":"2024-12-19T13:36:36","modified_gmt":"2024-12-19T12:36:36","slug":"el-tiempo-en-mendoza-jueves-al-horno-y-con-alerta-por-zonda","status":"publish","type":"post","link":"https:\/\/pasaenmendoza.com\/?p=10672","title":{"rendered":"El tiempo en Mendoza: jueves \u201cal horno\u201d y con alerta por Zonda"},"content":{"rendered":"\n<p>La&nbsp;<strong>temperatura m\u00e1xima para este jueves alcanzar\u00e1 los 35 grados cent\u00edgrados<\/strong>, en tanto que la&nbsp;<strong>m\u00ednima ser\u00e1 de unos 19 grados<\/strong>.<\/p>\n\n\n\n<p>El pron\u00f3stico de la&nbsp;<strong>Direcci\u00f3n de Contingencias Clim\u00e1ticas<\/strong>&nbsp;adelant\u00f3 que estar\u00e1 \u201c<em>caluroso y algo nublado, vientos moderados del noreste<\/em>\u201c.<\/p>\n\n\n\n<p>Para los que viajen a&nbsp;<strong>Chile<\/strong>&nbsp;durante este jueves: \u201c<em>Buen tiempo en cordillera<\/em>\u201c.<\/p>\n\n\n\n<h2 class=\"wp-block-heading\" id=\"h-alerta-por-zonda\">Alerta por Zonda<\/h2>\n\n\n\n<p>El\u00a0<strong>Servicio Meteorol\u00f3gico Nacional\u00a0<\/strong>adelant\u00f3 un\u00a0<strong>alerta en nivel amarillo<\/strong>\u00a0por<strong>\u00a0viento Zonda<\/strong>\u00a0para la\u00a0<strong>zona baja de Malarg\u00fce.<\/strong>\u00a0La incidencia del fen\u00f3meno se espera en\u00a0<strong>horas de la tarde.<\/strong><\/p>\n\n\n\n<p>El alerta implica: \u201c<em>El \u00e1rea ser\u00e1 afectada por viento Zonda, con\u00a0<strong>velocidades de entre 30 y 45 kil\u00f3metros por hora y r\u00e1fagas que podr\u00edan alcanzar los 60 kil\u00f3metros por hora<\/strong>. Este fen\u00f3meno podr\u00eda provocar una reducci\u00f3n de la visibilidad, un aumento repentino de la temperatura y condiciones de humedad relativa muy bajas<\/em>\u201c.<\/p>\n\n\n\n<p><strong>Fuente: www.elsol.com.ar<\/strong><\/p>\n","protected":false},"excerpt":{"rendered":"<p>La&nbsp;temperatura m\u00e1xima para este jueves alcanzar\u00e1 los 35 grados cent\u00edgrados, en tanto que la&nbsp;m\u00ednima ser\u00e1 de unos 19 grados. El pron\u00f3stico de la&nbsp;Direcci\u00f3n de Contingencias Clim\u00e1ticas&nbsp;adelant\u00f3 que estar\u00e1 \u201ccaluroso y algo nublado, vientos moderados del noreste\u201c. Para los que viajen a&nbsp;Chile&nbsp;durante este jueves: \u201cBuen tiempo en cordillera\u201c. Alerta por Zonda El\u00a0Servicio Meteorol\u00f3gico Nacional\u00a0adelant\u00f3 un\u00a0alerta en [&hellip;]<\/p>\n","protected":false},"author":2,"featured_media":10673,"comment_status":"open","ping_status":"open","sticky":false,"template":"","format":"standard","meta":[],"categories":[52],"tags":[],"_links":{"self":[{"href":"https:\/\/pasaenmendoza.com\/index.php?rest_route=\/wp\/v2\/posts\/10672"}],"collection":[{"href":"https:\/\/pasaenmendoza.com\/index.php?rest_route=\/wp\/v2\/posts"}],"about":[{"href":"https:\/\/pasaenmendoza.com\/index.php?rest_route=\/wp\/v2\/types\/post"}],"author":[{"embeddable":true,"href":"https:\/\/pasaenmendoza.com\/index.php?rest_route=\/wp\/v2\/users\/2"}],"replies":[{"embeddable":true,"href":"https:\/\/pasaenmendoza.com\/index.php?rest_route=%2Fwp%2Fv2%2Fcomments&post=10672"}],"version-history":[{"count":1,"href":"https:\/\/pasaenmendoza.com\/index.php?rest_route=\/wp\/v2\/posts\/10672\/revisions"}],"predecessor-version":[{"id":10674,"href":"https:\/\/pasaenmendoza.com\/index.php?rest_route=\/wp\/v2\/posts\/10672\/revisions\/10674"}],"wp:featuredmedia":[{"embeddable":true,"href":"https:\/\/pasaenmendoza.com\/index.php?rest_route=\/wp\/v2\/media\/10673"}],"wp:attachment":[{"href":"https:\/\/pasaenmendoza.com\/index.php?rest_route=%2Fwp%2Fv2%2Fmedia&parent=10672"}],"wp:term":[{"taxonomy":"category","embeddable":true,"href":"https:\/\/pasaenmendoza.com\/index.php?rest_route=%2Fwp%2Fv2%2Fcategories&post=10672"},{"taxonomy":"post_tag","embeddable":true,"href":"https:\/\/pasaenmendoza.com\/index.php?rest_route=%2Fwp%2Fv2%2Ftags&post=10672"}],"curies":[{"name":"wp","href":"https:\/\/api.w.org\/{rel}","templated":true}]}}