{"id":10678,"date":"2024-12-19T14:04:03","date_gmt":"2024-12-19T13:04:03","guid":{"rendered":"https:\/\/pasaenmendoza.com\/?p=10678"},"modified":"2024-12-19T14:04:04","modified_gmt":"2024-12-19T13:04:04","slug":"la-corte-nacional-confirmo-la-pena-de-10-anos-para-penitenciarios-que-torturaron-a-un-preso-en-san-felipe","status":"publish","type":"post","link":"https:\/\/pasaenmendoza.com\/?p=10678","title":{"rendered":"La Corte nacional confirm\u00f3 la pena de 10 a\u00f1os para penitenciarios que torturaron a un preso en San Felipe"},"content":{"rendered":"\n<p>Hace algunos a\u00f1os, la situaci\u00f3n en las c\u00e1rceles de Mendoza estaba bajo la lupa de organismos internacionales. Un hecho de\u00a0<strong>torturas de penitenciarios<\/strong>\u00a0a un preso del complejo\u00a0<strong>San Felipe<\/strong>\u00a0fue uno de los casos testigos y deriv\u00f3 en una condena de 10 a\u00f1os de prisi\u00f3n contra los agentes. Esa sentencia escal\u00f3 hasta la\u00a0<strong>Corte nacional<\/strong>, que ahora ratific\u00f3 la pena y se espera que los uniformados sean detenidos.<\/p>\n\n\n\n<p>La investigaci\u00f3n tuvo sus inicios en 2011, cuando la organizaci\u00f3n\u00a0Xumek\u00a0hizo la denuncia tras obtener los videos que evidenciaron las\u00a0<strong>torturas\u00a0<\/strong><em>-ver m\u00e1s abajo-<\/em>. A mediados de 2019, fueron condenados a 10 a\u00f1os de prisi\u00f3n\u00a0<strong>Jonathan Edgardo Bizaguirre (37), Daniel Adri\u00e1n Per\u00f3n (45), Germ\u00e1n Orlando N\u00fa\u00f1ez (38), Jos\u00e9 Alejando Arredondo (42), Edgardo Yoel Quero (35) y Luis Alejandro D\u2019ambrosio (37).<\/strong><\/p>\n\n\n\n<p>Todos ellos presentaron un recurso de casaci\u00f3n ante la Suprema Corte de Justicia pero el m\u00e1ximo Tribunal de Justicia provincial les rechaz\u00f3 los argumentos. Insistieron ante la instancia superior: la\u00a0<strong>Corte nacional<\/strong>. El 12 de diciembre pasado, este organismo tambi\u00e9n rechaz\u00f3 la revisi\u00f3n de la sentencia por\u00a0<strong>torturas\u00a0<\/strong>por lo que qued\u00f3 firme.<\/p>\n\n\n\n<p>En ese sentido, fuentes judiciales consultadas detallaron que en los pr\u00f3ximos d\u00edas se deber\u00eda emitir la captura de los agentes&nbsp;<strong>penitenciarios&nbsp;<\/strong>para que empiecen a purgar la pena de prisi\u00f3n. De hecho, hay uno de ellos,&nbsp;<strong>Daniel Per\u00f3n<\/strong>, que dej\u00f3 de presentarse ante el Tribunal hace algunos meses y fue declarado en rebeld\u00eda.<\/p>\n\n\n\n<h2 class=\"wp-block-heading\">Las torturas en San Felipe<\/h2>\n\n\n\n<p>A mediados de 2011 llegaron a manos de abogados de la organizaci\u00f3n Xumek una serie de videos donde agentes\u00a0<strong>penitenciarios\u00a0<\/strong>golpeaban y agred\u00edan a un preso\u00a0dentro del complejo San Felipe. En las im\u00e1genes se ve\u00eda a la v\u00edctima arrodillada, esposada o atada a una ventana, mientras los uniformados le propinaban golpes de pu\u00f1o y patadas. Mientras lo atacaban le dec\u00edan frases como &#8220;la ratita que boconea al personal&#8221;, &#8220;est\u00e1 atado como un perro&#8221;, &#8220;salta violeta&#8221; y &#8220;el boc\u00f3n de los milicos&#8221;.<\/p>\n\n\n\n<p>Durante el juicio en contra de los\u00a0<strong>penitenciarios<\/strong>, los abogados defensores argumentaron que el video no serv\u00eda como prueba y que, en todo caso, no estaba claro si es quien declar\u00f3 era la misma persona que figuraba en las im\u00e1genes. Sin embargo, quedaron complicados no s\u00f3lo por el\u00a0<strong>video\u00a0<\/strong>que se viraliz\u00f3 sino tambi\u00e9n por la declaraci\u00f3n de la propia v\u00edctima -ya est\u00e1 en libertad tras cumplir su condena- quien ratific\u00f3 las agresiones.<\/p>\n\n\n\n<p><strong>Fuente: www.diariouno.com.ar<\/strong><\/p>\n","protected":false},"excerpt":{"rendered":"<p>Hace algunos a\u00f1os, la situaci\u00f3n en las c\u00e1rceles de Mendoza estaba bajo la lupa de organismos internacionales. Un hecho de\u00a0torturas de penitenciarios\u00a0a un preso del complejo\u00a0San Felipe\u00a0fue uno de los casos testigos y deriv\u00f3 en una condena de 10 a\u00f1os de prisi\u00f3n contra los agentes. Esa sentencia escal\u00f3 hasta la\u00a0Corte nacional, que ahora ratific\u00f3 la [&hellip;]<\/p>\n","protected":false},"author":2,"featured_media":10679,"comment_status":"open","ping_status":"open","sticky":false,"template":"","format":"standard","meta":[],"categories":[48],"tags":[],"_links":{"self":[{"href":"https:\/\/pasaenmendoza.com\/index.php?rest_route=\/wp\/v2\/posts\/10678"}],"collection":[{"href":"https:\/\/pasaenmendoza.com\/index.php?rest_route=\/wp\/v2\/posts"}],"about":[{"href":"https:\/\/pasaenmendoza.com\/index.php?rest_route=\/wp\/v2\/types\/post"}],"author":[{"embeddable":true,"href":"https:\/\/pasaenmendoza.com\/index.php?rest_route=\/wp\/v2\/users\/2"}],"replies":[{"embeddable":true,"href":"https:\/\/pasaenmendoza.com\/index.php?rest_route=%2Fwp%2Fv2%2Fcomments&post=10678"}],"version-history":[{"count":1,"href":"https:\/\/pasaenmendoza.com\/index.php?rest_route=\/wp\/v2\/posts\/10678\/revisions"}],"predecessor-version":[{"id":10680,"href":"https:\/\/pasaenmendoza.com\/index.php?rest_route=\/wp\/v2\/posts\/10678\/revisions\/10680"}],"wp:featuredmedia":[{"embeddable":true,"href":"https:\/\/pasaenmendoza.com\/index.php?rest_route=\/wp\/v2\/media\/10679"}],"wp:attachment":[{"href":"https:\/\/pasaenmendoza.com\/index.php?rest_route=%2Fwp%2Fv2%2Fmedia&parent=10678"}],"wp:term":[{"taxonomy":"category","embeddable":true,"href":"https:\/\/pasaenmendoza.com\/index.php?rest_route=%2Fwp%2Fv2%2Fcategories&post=10678"},{"taxonomy":"post_tag","embeddable":true,"href":"https:\/\/pasaenmendoza.com\/index.php?rest_route=%2Fwp%2Fv2%2Ftags&post=10678"}],"curies":[{"name":"wp","href":"https:\/\/api.w.org\/{rel}","templated":true}]}}