{"id":1068,"date":"2023-08-30T15:50:23","date_gmt":"2023-08-30T13:50:23","guid":{"rendered":"https:\/\/pasaenmendoza.com\/?p=1068"},"modified":"2023-08-30T15:50:23","modified_gmt":"2023-08-30T13:50:23","slug":"el-empresario-eduardo-pulenta-alerto-que-hay-pymes-que-se-endeudaran-por-pagar-el-bono-post-paso","status":"publish","type":"post","link":"https:\/\/pasaenmendoza.com\/?p=1068","title":{"rendered":"El empresario Eduardo Pulenta alert\u00f3 que hay pymes que se endeudar\u00e1n por pagar el bono post PASO"},"content":{"rendered":"\n<p>Del mismo modo que lo hizo la CAME\u00a0(Confederaci\u00f3n Argentina de la Mediana Empresa), desde el\u00a0<strong>Consejo Empresario Mendocino (CEM)<\/strong>\u00a0expresaron su malestar por las medidas anunciadas el fin de semana por el ministro de Econom\u00eda de la Naci\u00f3n, Sergio Massa, sobre todo la relacionada con la<strong>\u00a0suma fija de $60.000 para trabajadores p\u00fablicos y privados<\/strong>.<\/p>\n\n\n\n<p>Quien se manifest\u00f3 al respecto fue el propio presidente del CEM,&nbsp;<strong>Eduardo Pulenta,&nbsp;<\/strong>que consider\u00f3 &#8220;un parche&#8221; este bono y advirti\u00f3 que&nbsp;<strong>&#8220;inevitablemente se trasladar\u00e1 a los precios&#8221;.<\/strong><\/p>\n\n\n\n<p><strong>&#8220;Esto est\u00e1 en contra de la propiedad privada&#8221;, se indign\u00f3 Pulenta<\/strong><\/p>\n\n\n\n<p>Tambi\u00e9n asegur\u00f3 que la voluntad de los empresarios es la de abonar este pago extra, pero\u00a0<strong>no todos viven la misma realidad<\/strong>\u00a0y, en algunos casos, deber\u00e1n\u00a0<strong>endeudarse\u00a0<\/strong>para afrontarlo, lo que despu\u00e9s traer\u00e1 consecuencias negativas<strong>\u00a0&#8220;traducidas en m\u00e1s inflaci\u00f3n&#8221;.<\/strong><\/p>\n\n\n\n<h2 class=\"wp-block-heading\">Los anuncios de Massa no fueron bien recibidos por los empresarios de Mendoza<\/h2>\n\n\n\n<p>En Radio Nihuil, en una nota con Carlos Hern\u00e1ndez y Carina Scandura, Pulenta admiti\u00f3 que<strong>&nbsp;&#8220;en el sector privado este tipo de medidas no son bien recibidas.&nbsp;<\/strong>Ya lo analizamos en el Consejo y esto que anunci\u00f3 Massa no es acorde a lo que nosotros esper\u00e1bamos para solucionar la crisis&#8221;.<\/p>\n\n\n\n<p>Y con tono m\u00e1s elevado agreg\u00f3:&nbsp;<strong>&#8220;Adem\u00e1s, va en contra de la propiedad privada&#8221;.<\/strong><\/p>\n\n\n\n<p>De esto \u00faltimo se han quejado las distintas c\u00e1maras que nuclean a empresarios que han considerado que el gobierno nacional se ha entrometido en sus asuntos. &#8220;Cada uno tiene una realidad particular, en especial las pymes. Las pymes chiquitas, de 10 empleados, o un kiosco, c\u00f3mo van a hacer para afrontar el costo.&nbsp;<strong>Cuando a uno lo obligan a un pago no planificado, no est\u00e1 bien&#8221;,&nbsp;<\/strong>argument\u00f3 Pulenta.<\/p>\n\n\n\n<p><strong>&#8220;Estas son medidas populares que constituyen un parche \u00bfCu\u00e1nto m\u00e1s de carne, de pan o de art\u00edculos de primera necesidad vamos a poder comprar en septiembre y en octubre? El problema va a ser en noviembre. Okey: resuelven septiembre y octubre pero despu\u00e9s&#8230; Todo esto se va a trasladar a los precios&#8221;<\/strong><\/p>\n\n\n\n<p>El presidente del CEM insisti\u00f3: &#8220;Esto se va a notar despu\u00e9s en los precios y se va a traducir en\u00a0<strong>m\u00e1s inflaci\u00f3n y m\u00e1s emisi\u00f3n<\/strong>, sin atacar el problema de fondo&#8221;.<\/p>\n\n\n\n<h2 class=\"wp-block-heading\">La eliminaci\u00f3n de las retenciones<\/h2>\n\n\n\n<p>Pulenta pidi\u00f3 &#8220;no mezclar.<strong>&nbsp;Una cosa es la eliminaci\u00f3n de las retenciones<\/strong>&nbsp;para que la industria sea m\u00e1s competitiva y pueda salir al mundo a exportar. Hoy nos estamos quedando afuera de todo. En el Consejo elaboramos un informe y estamos en los \u00edndices m\u00e1s bajos. La ca\u00edda de la importaci\u00f3n de vino fraccionado es muy grande y ni hablar del vino a granel.&nbsp;<strong>Otra cosa es la inflaci\u00f3n<\/strong>&nbsp;y que a la gente la plata no le alcanza.<strong>&nbsp;La eliminaci\u00f3n o baja de las retenciones es algo que la industria necesita&#8221;.<\/strong><\/p>\n\n\n\n<p>Al volver sobre el bono o suma fija, el directivo empresario repiti\u00f3 que &#8220;hay realidades muy diversas. Uno a la gente la quiere tener bien, que llegue a fin de mes y que est\u00e9 contenta.&nbsp;<strong>Entonces vamos a hacer todo lo posible por pagarlo&#8221;.<\/strong><\/p>\n\n\n\n<p>&#8220;Pero hay pymes -aclar\u00f3- que sufren problemas, que van a tener que tomar deuda.<strong>\u00a0Y tomar deuda para pagar un adelanto de sueldo, o un bono, no se aconseja.<\/strong>\u00a0El que pueda pagarlo lo har\u00e1 porque es algo que la gente necesita, pero no es la soluci\u00f3n de fondo para la inflaci\u00f3n.\u00a0<strong>Esto traer\u00e1 m\u00e1s inflaci\u00f3n<\/strong>. As\u00ed, no hay forma de pararla&#8221;.<\/p>\n\n\n\n<p><strong>Fuente: www.diariouno.com.ar<\/strong><\/p>\n\n\n\n<p><\/p>\n\n\n\n<p><\/p>\n","protected":false},"excerpt":{"rendered":"<p>Del mismo modo que lo hizo la CAME\u00a0(Confederaci\u00f3n Argentina de la Mediana Empresa), desde el\u00a0Consejo Empresario Mendocino (CEM)\u00a0expresaron su malestar por las medidas anunciadas el fin de semana por el ministro de Econom\u00eda de la Naci\u00f3n, Sergio Massa, sobre todo la relacionada con la\u00a0suma fija de $60.000 para trabajadores p\u00fablicos y privados. Quien se manifest\u00f3 [&hellip;]<\/p>\n","protected":false},"author":2,"featured_media":1069,"comment_status":"open","ping_status":"open","sticky":false,"template":"","format":"standard","meta":[],"categories":[49],"tags":[],"_links":{"self":[{"href":"https:\/\/pasaenmendoza.com\/index.php?rest_route=\/wp\/v2\/posts\/1068"}],"collection":[{"href":"https:\/\/pasaenmendoza.com\/index.php?rest_route=\/wp\/v2\/posts"}],"about":[{"href":"https:\/\/pasaenmendoza.com\/index.php?rest_route=\/wp\/v2\/types\/post"}],"author":[{"embeddable":true,"href":"https:\/\/pasaenmendoza.com\/index.php?rest_route=\/wp\/v2\/users\/2"}],"replies":[{"embeddable":true,"href":"https:\/\/pasaenmendoza.com\/index.php?rest_route=%2Fwp%2Fv2%2Fcomments&post=1068"}],"version-history":[{"count":2,"href":"https:\/\/pasaenmendoza.com\/index.php?rest_route=\/wp\/v2\/posts\/1068\/revisions"}],"predecessor-version":[{"id":1071,"href":"https:\/\/pasaenmendoza.com\/index.php?rest_route=\/wp\/v2\/posts\/1068\/revisions\/1071"}],"wp:featuredmedia":[{"embeddable":true,"href":"https:\/\/pasaenmendoza.com\/index.php?rest_route=\/wp\/v2\/media\/1069"}],"wp:attachment":[{"href":"https:\/\/pasaenmendoza.com\/index.php?rest_route=%2Fwp%2Fv2%2Fmedia&parent=1068"}],"wp:term":[{"taxonomy":"category","embeddable":true,"href":"https:\/\/pasaenmendoza.com\/index.php?rest_route=%2Fwp%2Fv2%2Fcategories&post=1068"},{"taxonomy":"post_tag","embeddable":true,"href":"https:\/\/pasaenmendoza.com\/index.php?rest_route=%2Fwp%2Fv2%2Ftags&post=1068"}],"curies":[{"name":"wp","href":"https:\/\/api.w.org\/{rel}","templated":true}]}}