{"id":10681,"date":"2024-12-19T14:06:59","date_gmt":"2024-12-19T13:06:59","guid":{"rendered":"https:\/\/pasaenmendoza.com\/?p=10681"},"modified":"2024-12-19T14:07:00","modified_gmt":"2024-12-19T13:07:00","slug":"una-periodista-mendocina-sufrio-el-robo-del-auto-con-su-perro-beagle-en-el-interior","status":"publish","type":"post","link":"https:\/\/pasaenmendoza.com\/?p=10681","title":{"rendered":"Una periodista mendocina sufri\u00f3 el robo del auto con su perro beagle en el interior"},"content":{"rendered":"\n<p>La<strong>\u00a0periodista\u00a0mendocina Virginia Rizzi<\/strong>\u00a0sufri\u00f3 este mi\u00e9rcoles al mediod\u00eda el<strong>\u00a0robo\u00a0de su auto<\/strong>\u00a0mientras ella cerraba el port\u00f3n de su casa en Godoy Cruz. Sin embargo, el hecho tuvo un agravante: en el interior del veh\u00edculo estaba Leonardo,<strong>\u00a0su perro beagle<\/strong>, quien luego fue recuperado a unas 25 cuadras del lugar.<\/p>\n\n\n\n<p>Si bien no sufri\u00f3 lesiones, la mujer &#8211; quien trabaja en los medios Radio Cooperativa y Diario El Ciudadano- forceje\u00f3 con el ladr\u00f3n para evitar que se llevara el veh\u00edculo, pero no lo consigui\u00f3 porque este actu\u00f3 con rapidez.<\/p>\n\n\n\n<p>En cuanto al veh\u00edculo, la&nbsp;<strong>periodista<\/strong>&nbsp;detall\u00f3 que se trata de un&nbsp;<strong>Fiat Mobi blanco,<\/strong>&nbsp;patente AE493JK. Luego de una intensa b\u00fasqueda, el auto fue encontrado en el barrio Los Olivos, de Carrodilla, Luj\u00e1n de Cuyo, cerca de las 19.<\/p>\n\n\n\n<p>El caso tiene similitudes con un robo ocurrido en febrero pasado, en el que\u00a0ladrones se llevaron un auto en Capital, con el perro Duke adentro, quien despu\u00e9s fue recuperado en Las Heras.<\/p>\n\n\n\n<h2 class=\"wp-block-heading\">El robo fue en la zona del Jumbo de Godoy Cruz<\/h2>\n\n\n\n<p>El<strong>&nbsp;robo<\/strong>&nbsp;ocurri\u00f3 en la&nbsp;<strong>calle Juan de Garay al 300<\/strong>, en una zona cercana al supermercado Jumbo de&nbsp;<strong>Godoy Cruz<\/strong>. La mujer apenas hab\u00eda alcanzado a descender del auto, tal es as\u00ed que no alcanz\u00f3 a bajar al perro de adentro del veh\u00edculo.<\/p>\n\n\n\n<p>En el momento en el que estaba cerrando el port\u00f3n de su casa, un ladr\u00f3n aprovech\u00f3 el descuido y abord\u00f3 el auto.<\/p>\n\n\n\n<p>En ese momento,&nbsp;<strong>Rizzi&nbsp;<\/strong>se dio cuenta de la situaci\u00f3n y forceje\u00f3 con el delincuente, sobre todo para evitar que se llevara al perro que a\u00fan estaba en el asiento de atr\u00e1s. Pero no lo consigui\u00f3: igualmente el sujeto parti\u00f3 con el auto y el perro.<\/p>\n\n\n\n<h2 class=\"wp-block-heading\">El perro volvi\u00f3 a casa y tambi\u00e9n encontraron el auto robado<\/h2>\n\n\n\n<p>El \u00fanico cap\u00edtulo bueno del hecho, es que el perrito Leonardo apareci\u00f3 al poco tiempo de ocurrido el robo.<\/p>\n\n\n\n<p><strong>Fue encontrado abandonado en la calle Figueroa Alcorta<\/strong>, cerca de la Cooperativa El\u00e9ctrica de Godoy Cruz.<\/p>\n\n\n\n<p>Casualmente, alguien que hab\u00eda visto en las redes sociales la foto del perro, lo reconoci\u00f3 y lo retuvo para devolverlo a su due\u00f1a.<\/p>\n\n\n\n<p>Adem\u00e1s, pasadas las 19, tambi\u00e9n apareci\u00f3 el veh\u00edculo, en la calle Arjonilla y Las Charcas de Carrodilla del Barrio Los Olivos, se encontraba abandonado pero aparentemente, en buen estado.<\/p>\n\n\n\n<p><strong>Fuente: www.diariouno.com.ar<\/strong><\/p>\n","protected":false},"excerpt":{"rendered":"<p>La\u00a0periodista\u00a0mendocina Virginia Rizzi\u00a0sufri\u00f3 este mi\u00e9rcoles al mediod\u00eda el\u00a0robo\u00a0de su auto\u00a0mientras ella cerraba el port\u00f3n de su casa en Godoy Cruz. Sin embargo, el hecho tuvo un agravante: en el interior del veh\u00edculo estaba Leonardo,\u00a0su perro beagle, quien luego fue recuperado a unas 25 cuadras del lugar. Si bien no sufri\u00f3 lesiones, la mujer &#8211; quien [&hellip;]<\/p>\n","protected":false},"author":2,"featured_media":10682,"comment_status":"open","ping_status":"open","sticky":false,"template":"","format":"standard","meta":[],"categories":[48],"tags":[],"_links":{"self":[{"href":"https:\/\/pasaenmendoza.com\/index.php?rest_route=\/wp\/v2\/posts\/10681"}],"collection":[{"href":"https:\/\/pasaenmendoza.com\/index.php?rest_route=\/wp\/v2\/posts"}],"about":[{"href":"https:\/\/pasaenmendoza.com\/index.php?rest_route=\/wp\/v2\/types\/post"}],"author":[{"embeddable":true,"href":"https:\/\/pasaenmendoza.com\/index.php?rest_route=\/wp\/v2\/users\/2"}],"replies":[{"embeddable":true,"href":"https:\/\/pasaenmendoza.com\/index.php?rest_route=%2Fwp%2Fv2%2Fcomments&post=10681"}],"version-history":[{"count":1,"href":"https:\/\/pasaenmendoza.com\/index.php?rest_route=\/wp\/v2\/posts\/10681\/revisions"}],"predecessor-version":[{"id":10683,"href":"https:\/\/pasaenmendoza.com\/index.php?rest_route=\/wp\/v2\/posts\/10681\/revisions\/10683"}],"wp:featuredmedia":[{"embeddable":true,"href":"https:\/\/pasaenmendoza.com\/index.php?rest_route=\/wp\/v2\/media\/10682"}],"wp:attachment":[{"href":"https:\/\/pasaenmendoza.com\/index.php?rest_route=%2Fwp%2Fv2%2Fmedia&parent=10681"}],"wp:term":[{"taxonomy":"category","embeddable":true,"href":"https:\/\/pasaenmendoza.com\/index.php?rest_route=%2Fwp%2Fv2%2Fcategories&post=10681"},{"taxonomy":"post_tag","embeddable":true,"href":"https:\/\/pasaenmendoza.com\/index.php?rest_route=%2Fwp%2Fv2%2Ftags&post=10681"}],"curies":[{"name":"wp","href":"https:\/\/api.w.org\/{rel}","templated":true}]}}