{"id":10684,"date":"2024-12-19T23:16:29","date_gmt":"2024-12-19T22:16:29","guid":{"rendered":"https:\/\/pasaenmendoza.com\/?p=10684"},"modified":"2024-12-19T23:16:30","modified_gmt":"2024-12-19T22:16:30","slug":"la-familia-de-mariana-dominguez-reclama-justicia-a-un-ano-de-su-asesinato-en-navidad","status":"publish","type":"post","link":"https:\/\/pasaenmendoza.com\/?p=10684","title":{"rendered":"La familia de Mariana Dom\u00ednguez reclama justicia a un a\u00f1o de su asesinato en Navidad"},"content":{"rendered":"\n<p>Marcelo Dom\u00ednguez, el padre de la joven de 28 a\u00f1os que recibi\u00f3 una\u00a0<strong>bala perdida<\/strong>\u00a0en su cabeza minutos despu\u00e9s del brindis por Navidad en el 2023 en\u00a0<strong>Godoy Cruz<\/strong>, asegur\u00f3 que a casi un a\u00f1o del\u00a0<strong>asesinato<\/strong>\u00a0de Mariana no hubo avances en la Justicia: &#8220;La causa est\u00e1 totalmente dormida&#8221;. Reclam\u00f3 que hasta el momento la Justicia no tiene ning\u00fan sospechoso ni detenido por el crimen de su hija.<\/p>\n\n\n\n<p>&#8220;A un a\u00f1o del asesinato de mi hija no tenemos m\u00e1s que dolor&#8221;, expres\u00f3 Marcelo. Hasta hoy el hombre no tiene ni el menor indicio de qui\u00e9n asesin\u00f3 a su hija: &#8220;La Justicia est\u00e1 dormida. La Justicia mendocina y del mundo es una mierda porque a un a\u00f1o casi cumplido del\u00a0<strong>asesinato\u00a0<\/strong>de mi hija ac\u00e1 no veo ning\u00fan adelanto en nada&#8221;.<\/p>\n\n\n\n<h2 class=\"wp-block-heading\">Una bala perdida<\/h2>\n\n\n\n<p>Mariana muri\u00f3 luego de recibir un disparo en la cabeza pocos minutos despu\u00e9s del 25 de diciembre del 2023 cuando estaba junto a su familia en el patio de su casa de calle Picheuta al 883, cerca de la esquina de calle Derqui, de&nbsp;<strong>Godoy Cruz<\/strong>.<\/p>\n\n\n\n<p>&#8220;La ministra de Seguridad me prometi\u00f3 y jur\u00f3 que iban a hacer todo lo imposible para encontrar al&nbsp;<strong>asesino<\/strong>, pero parece que fue una promesa nada m\u00e1s porque est\u00e1n acostumbrados a prometer y no dar nada para la familia para que se haga Justicia por la muerte de un inocente que no ten\u00eda nada que ver&#8221;, manifest\u00f3 con dolor Marcelo Dom\u00ednguez.<\/p>\n\n\n\n<p>La p\u00e9rdida de un hijo es irreparable para cualquier persona que debe aprender a convivir con ese dolor, pero para Marcelo la situaci\u00f3n es peor al sentir que la causa est\u00e1 estancada: &#8220;Yo quisiera saber qu\u00e9 hubiera pasado si le hubieran metido un balazo en la cabeza al hijo de un pol\u00edtico. No le deseo la muerte a nadie, pero \u00bfQu\u00e9 hubiese pasado? Pero como Mariana era la hija de dos trabajadores, de gente que no se mete nadie, no hicieron nada para la resoluci\u00f3n del\u00a0<strong>asesinato<\/strong>&#8220;.<\/p>\n\n\n\n<p>&#8220;En definitiva no tenemos nada. El d\u00eda que a m\u00ed me traigan un resultado por el&nbsp;<strong>asesinato&nbsp;<\/strong>de mi hija me retractar\u00e9 de lo que digo, pero hasta la fecha no veo ning\u00fan resultado y a las pruebas me remito&#8221;, insisti\u00f3 Marcelo. &#8220;Lamentablemente, esto se va a llevar de por vida y no va a hacer f\u00e1cil. Lo \u00fanico que pretendo es que el que lo hizo lo pague. A la vista est\u00e1 que es un descerebrado que no tiene cargo de conciencia, pero por m\u00e1s que pase el tiempo, tarde o temprano terminan cometiendo un error o terminan pagando igual o peor del da\u00f1o que hicieron&#8221;.<\/p>\n\n\n\n<h2 class=\"wp-block-heading\">Investigaci\u00f3n por el asesinato de Mariana Dom\u00ednguez<\/h2>\n\n\n\n<p>&#8220;Desde la Fiscal\u00eda de Homicidios hace m\u00e1s de 6 meses que no tenemos ninguna novedad. Nosotros pusimos una abogada que tiene contacto con ellos, pero tampoco sabe nada porque ellos no tienen absolutamente nada. Si tuvieran algo ser\u00edan los primeros en llamar a la prensa&#8221;, sostuvo Marcelo, pap\u00e1 de la joven de 28 a\u00f1os&nbsp;<strong>asesinada&nbsp;<\/strong>el 25 de diciembre del 2023.<\/p>\n\n\n\n<p>Reclam\u00f3 que por la \u00e9poca en que ocurri\u00f3 el\u00a0<strong>asesinato\u00a0<\/strong>de su hija justo empezaba la feria judicial: &#8220;En las primeras semanas no hicieron ning\u00fan allanamiento, ni nunca lo hicieron porque no pueden allanar ning\u00fan lugar si no hay un juez que lo habilite. Pero si tuviese que ver con la pol\u00edtica ya ver\u00eda c\u00f3mo hacen allanamientos&#8221;.<\/p>\n\n\n\n<p>&#8220;Nosotros pensamos que puede ser cualquiera que empu\u00f1e un arma, cualquiera que tenga acceso a un arma. Ese hijo de puta que hizo el disparo esa noche estaba pensando en que estaba bueno festejar as\u00ed, es un descerebrado y lo que no estaba pensando era lo que pod\u00eda provocar&#8221;, manifest\u00f3 Marcelo sobre el&nbsp;<strong>asesinato<\/strong>.<\/p>\n\n\n\n<p>El proyectil que le sacaron de la cabeza a Mariana y algunas vainas servidas que encontraron cerca de su casa de\u00a0<strong>Godoy Cruz<\/strong>\u00a0eran de\u00a0un arma 9 mil\u00edmetros. &#8220;Lo que me llama poderosamente la atenci\u00f3n es que no se trata de un arma que tiene cualquiera, si bien los delincuentes la pueden tener; pero tambi\u00e9n hay gente a la que se la dan para que &#8216;trabaje'&#8221;, conjetur\u00f3 en referencia a la Polic\u00eda, que es una de las sospechas que tiene la familia de la v\u00edctima.<\/p>\n\n\n\n<p>Por la causa, el Ministerio de Seguridad dispuso en febrero una\u00a0recompensa de $2.032.000\u00a0para quien aporte datos concretos para encontrar al autor del\u00a0<strong>asesinato<\/strong>. Hasta el momento no dio ning\u00fan resultado.<\/p>\n\n\n\n<p>El fiscal de Homicidios Gustavo Pirrelo detall\u00f3 que desde el inicio fue sincero con los padres de Mariana al decirles que es una causa muy dif\u00edcil de esclarecer, ya que no hay c\u00e1maras ni testigos directos que puedan aportar informaci\u00f3n clave sobre el momento del\u00a0<strong>asesinato<\/strong>.<\/p>\n\n\n\n<p>Sostuvo que lo fundamental es\u00a0encontrar el arma que dispararon\u00a0y que provoc\u00f3 la muerte de la joven de 28 a\u00f1os, para determinar qui\u00e9n la us\u00f3 la noche del 25 de diciembre del a\u00f1o pasado y provoc\u00f3 el\u00a0<strong>asesinato\u00a0<\/strong>de Mariana.<\/p>\n\n\n\n<h2 class=\"wp-block-heading\">Reclamos de la familia por el asesinato<\/h2>\n\n\n\n<p>Marcelo Dom\u00ednguez tambi\u00e9n se refiri\u00f3 al gobernador Alfredo Cornejo: &#8220;A un a\u00f1o del&nbsp;<strong>asesinato<\/strong>&nbsp;de mi hija no fue capaz de levantar el tel\u00e9fono y dar su apoyo, nada, a pesar de que le mataron a una vecina de&nbsp;<strong>Godoy Cruz<\/strong>&#8220;.<\/p>\n\n\n\n<p>&#8220;Capital, por intermedio de Cultura, nos cedi\u00f3 un espacio en el Parque Central para que los amigos de Mariana hicieran un mural en homenaje. En cambio\u00a0<strong>Godoy Cruz<\/strong>\u00a0ni se movi\u00f3&#8221;, detall\u00f3 el pap\u00e1 de la v\u00edctima.<\/p>\n\n\n\n<p>Anticip\u00f3 que &#8220;el 25 de diciembre -d\u00eda que se cumple un a\u00f1o del&nbsp;<strong>asesinato&nbsp;<\/strong>de Mariana- me voy a poner en la esquina de calles Paso de los Andes y Derqui, de&nbsp;<strong>Godoy Cruz<\/strong>, con una bandera pidiendo Justicia, por si pasa por ese lugar el que sabe, el que estuvo, el amigo, para que me vean&#8221;.<\/p>\n\n\n\n<p>Agreg\u00f3: &#8220;El mundo sigue y este 24 en la noche y el 25 cuando esa gente haga su brindis que se le pase por la cabeza que una misma noche como esa una pobre inocente fue&nbsp;<strong>asesinada<\/strong>&nbsp;de un balazo en la cabeza por un hijo de puta&#8221;.<\/p>\n\n\n\n<h2 class=\"wp-block-heading\">El asesinato de la estudiante de dise\u00f1o<\/h2>\n\n\n\n<p>La familia de Mariana Dom\u00ednguez pas\u00f3 la Nochebuena en su casa de calle Picheuta 883, de\u00a0<strong>Godoy Cruz<\/strong>, donde brindaron a las 00 por la llegada de la Navidad. Estaban de sobremesa en el patio, cuando la joven de 28 a\u00f1os se levant\u00f3 para servirse agua.<\/p>\n\n\n\n<p>En ese momento, de la nada, Mariana cay\u00f3 desplomada. Su familia la auxili\u00f3 inmediatamente, pero no sab\u00edan qu\u00e9 le pasaba y por qu\u00e9 no reaccionaba. La llevaron al Hospital Del Carmen por la cercan\u00eda, donde la asistieron. Los m\u00e9dicos determinaron que hab\u00eda recibido un disparo en la cabeza y para su mejor atenci\u00f3n la trasladaron al&nbsp;<strong>Hospital Central<\/strong>.<\/p>\n\n\n\n<p>All\u00ed qued\u00f3 internada en muy grave estado en terapia intensiva y poco despu\u00e9s los m\u00e9dicos le confirmaron su\u00a0<strong>muerte\u00a0<\/strong>a sus padres y a su hermano. El hecho se investig\u00f3 desde el primer momento como\u00a0<strong>asesinato<\/strong>.<\/p>\n\n\n\n<p><strong>Fuente: www.diariouno.com.ar<\/strong><\/p>\n","protected":false},"excerpt":{"rendered":"<p>Marcelo Dom\u00ednguez, el padre de la joven de 28 a\u00f1os que recibi\u00f3 una\u00a0bala perdida\u00a0en su cabeza minutos despu\u00e9s del brindis por Navidad en el 2023 en\u00a0Godoy Cruz, asegur\u00f3 que a casi un a\u00f1o del\u00a0asesinato\u00a0de Mariana no hubo avances en la Justicia: &#8220;La causa est\u00e1 totalmente dormida&#8221;. Reclam\u00f3 que hasta el momento la Justicia no tiene [&hellip;]<\/p>\n","protected":false},"author":2,"featured_media":10685,"comment_status":"open","ping_status":"open","sticky":false,"template":"","format":"standard","meta":[],"categories":[50],"tags":[],"_links":{"self":[{"href":"https:\/\/pasaenmendoza.com\/index.php?rest_route=\/wp\/v2\/posts\/10684"}],"collection":[{"href":"https:\/\/pasaenmendoza.com\/index.php?rest_route=\/wp\/v2\/posts"}],"about":[{"href":"https:\/\/pasaenmendoza.com\/index.php?rest_route=\/wp\/v2\/types\/post"}],"author":[{"embeddable":true,"href":"https:\/\/pasaenmendoza.com\/index.php?rest_route=\/wp\/v2\/users\/2"}],"replies":[{"embeddable":true,"href":"https:\/\/pasaenmendoza.com\/index.php?rest_route=%2Fwp%2Fv2%2Fcomments&post=10684"}],"version-history":[{"count":1,"href":"https:\/\/pasaenmendoza.com\/index.php?rest_route=\/wp\/v2\/posts\/10684\/revisions"}],"predecessor-version":[{"id":10686,"href":"https:\/\/pasaenmendoza.com\/index.php?rest_route=\/wp\/v2\/posts\/10684\/revisions\/10686"}],"wp:featuredmedia":[{"embeddable":true,"href":"https:\/\/pasaenmendoza.com\/index.php?rest_route=\/wp\/v2\/media\/10685"}],"wp:attachment":[{"href":"https:\/\/pasaenmendoza.com\/index.php?rest_route=%2Fwp%2Fv2%2Fmedia&parent=10684"}],"wp:term":[{"taxonomy":"category","embeddable":true,"href":"https:\/\/pasaenmendoza.com\/index.php?rest_route=%2Fwp%2Fv2%2Fcategories&post=10684"},{"taxonomy":"post_tag","embeddable":true,"href":"https:\/\/pasaenmendoza.com\/index.php?rest_route=%2Fwp%2Fv2%2Ftags&post=10684"}],"curies":[{"name":"wp","href":"https:\/\/api.w.org\/{rel}","templated":true}]}}