{"id":10687,"date":"2024-12-19T23:21:10","date_gmt":"2024-12-19T22:21:10","guid":{"rendered":"https:\/\/pasaenmendoza.com\/?p=10687"},"modified":"2024-12-19T23:21:11","modified_gmt":"2024-12-19T22:21:11","slug":"vinateros-evaluaron-que-el-granizo-provoco-danos-de-entre-50-y-100-en-el-este-y-maipu","status":"publish","type":"post","link":"https:\/\/pasaenmendoza.com\/?p=10687","title":{"rendered":"Vi\u00f1ateros evaluaron que el granizo provoc\u00f3 da\u00f1os de entre 50% y 100% en el Este y Maip\u00fa"},"content":{"rendered":"\n<p>Aunque no se trat\u00f3 de la primera tormenta de\u00a0<strong>granizo<\/strong>, la del martes 17 por la noche fue m\u00e1s violenta y provoc\u00f3\u00a0<strong>da\u00f1os<\/strong>\u00a0de consideraci\u00f3n en oasis productivos de Mendoza. Un primer pantallazo muestra que la\u00a0<strong>producci\u00f3n<\/strong>, sobre todo de vi\u00f1edos, sufrieron\u00a0<strong>p\u00e9rdidas de hasta 80 y 100%\u00a0<\/strong>entre la llamada primera zona vitivin\u00edcola y el Este.<\/p>\n\n\n\n<p>Es la apreciaci\u00f3n de los mismos productores para un&nbsp;<strong>relevamiento preliminar<\/strong>&nbsp;realizado entre las fincas por t\u00e9cnicos de algunas entidades. El fen\u00f3meno hab\u00eda comenzado por el oasis Sur y luego de azotar a parte de Luj\u00e1n y Maip\u00fa empez\u00f3 a rotar su direcci\u00f3n hacia la zona Este.<\/p>\n\n\n\n<p>&#8220;Se puede decir que afect\u00f3 dos franjas, entre Lunlunta y Philips, en Jun\u00edn, y entre ruta 60 y la 7. En varios sectores precipit\u00f3\u00a0<strong>granizo<\/strong>\u00a0del tama\u00f1o de una pelota de ping-pong y seg\u00fan indicaron los productores en algunos\u00a0<strong>casos con p\u00e9rdidas totales<\/strong>&#8220;, se\u00f1al\u00f3 Mat\u00edas Manzanares, de la<strong>\u00a0Asociaci\u00f3n de Vi\u00f1ateros de Mendoza<\/strong>.<\/p>\n\n\n\n<p>El relevamiento sobre un universo de&nbsp;<strong>180 productores que promedian las 20 hect\u00e1reas<\/strong>&nbsp;de superficie arroj\u00f3, sin embargo, da\u00f1os de diversa magnitud.<\/p>\n\n\n\n<p>Hasta avanzado el mi\u00e9rcoles, la Direcci\u00f3n de Agricultura a\u00fan no contaba con datos de las primeras evaluaciones. Aunque, se sabe, los datos oficiales reci\u00e9n empiezan a darse a conocer pasadas al menos dos semanas despu\u00e9s de la contingencia, en la medida que los productores afectados realizan las denuncias de da\u00f1os.<\/p>\n\n\n\n<p>Por su parte,&nbsp;<strong>Mauro Sosa<\/strong>, del Centro de Vi\u00f1ateros y Bodegueros del Este, consider\u00f3 que &#8220;cuantificarlo no ser\u00e1 f\u00e1cil, pero&nbsp;<strong>fue una tormenta severa<\/strong>&nbsp;enfocada en la parte urbana&nbsp;<strong>con da\u00f1os en las zonas rurales aleda\u00f1as<\/strong>&#8220;.<\/p>\n\n\n\n<h2 class=\"wp-block-heading\">Zonas y porcentajes de da\u00f1os ocasionados por el granizo<\/h2>\n\n\n\n<p>Primero afect\u00f3 a parte de San Rafael, en especial al distrito Las Malvinas y Valle Grande. All\u00ed, pese a\u00a0<strong>la intevenci\u00f3n de los aviones de la lucha antigranizo<\/strong>\u00a0que gestiona la comuna junto a Alvear, la piedra precipitada alcanz\u00f3 en ciertas zonas la forma de un huevo.<\/p>\n\n\n\n<p>La fuerte tormenta granicera de la v\u00edspera se hizo sentir en&nbsp;<strong>algunos distritos de Maip\u00fa<\/strong>. En ese departamento azot\u00f3 a parte de Lunlunta, Cruz de Piedra y Russell. All\u00ed, algunas bases con bombas antigranizo no alcanzaron a neutralizar del todo&nbsp;<strong>al granizo,<\/strong>&nbsp;cuyo tama\u00f1o fue el de un grano de uva aunque result\u00f3 variable.<\/p>\n\n\n\n<p>&#8220;La&nbsp;<strong>tormenta bajaba de intensidad y parec\u00eda volver a tomar fuerza<\/strong>&nbsp;en algunos sectores. Incluso result\u00f3 llamativo el tama\u00f1o del granizo, que lleg\u00f3 a ser del di\u00e1metro de una ciruela&#8221;, consign\u00f3 un t\u00e9cnico luego de recorrer algunas fincas a pedido del Centro de Vi\u00f1ateros y Bodegueros del Este.<\/p>\n\n\n\n<p>M\u00e1s entrada la noche, termin\u00f3 extendi\u00e9ndose a Jun\u00edn, Rivadavia y la zona urbana de San Mart\u00edn y Palmira. En conjunto, se estima que los da\u00f1os afectaron a m\u00e1s de 800 productores.<\/p>\n\n\n\n<p>Jun\u00edn fue un ejemplo de la&nbsp;<strong>dispersi\u00f3n de da\u00f1os en los cultivos.<\/strong>&nbsp;Por caso, mientras en algunas unidades productivas de Phillips oscil\u00f3&nbsp;<strong>entre el 15 y 20%<\/strong>, otros distritos como Barriales, La Colonia y Medrano&nbsp;<strong>lleg\u00f3 a superar el 80%<\/strong>.<\/p>\n\n\n\n<p>Algo similar ocurri\u00f3 en\u00a0<strong>Rivadavia<\/strong>. Se hizo sentir fuerte sobre la superficie cultivada de Los \u00c1rboles, La Reducci\u00f3n y Andrade. Tambi\u00e9n en Alto Verde, Algarrobo Grande, El Rambl\u00f3n e Ingeniero Giagnoni, pero de acuerdo a la primeras recorridas de los t\u00e9cnicos\u00a0<strong>oscil\u00f3 entre 50\/60%<\/strong>.<\/p>\n\n\n\n<p>Pero como en San Mart\u00edn, tambi\u00e9n alcanz\u00f3 el centro del departamento, con el consecuente da\u00f1o sobre arbolado y veh\u00edculos.<\/p>\n\n\n\n<p><strong>Fuente: www.diariouno.com.ar<\/strong><\/p>\n","protected":false},"excerpt":{"rendered":"<p>Aunque no se trat\u00f3 de la primera tormenta de\u00a0granizo, la del martes 17 por la noche fue m\u00e1s violenta y provoc\u00f3\u00a0da\u00f1os\u00a0de consideraci\u00f3n en oasis productivos de Mendoza. Un primer pantallazo muestra que la\u00a0producci\u00f3n, sobre todo de vi\u00f1edos, sufrieron\u00a0p\u00e9rdidas de hasta 80 y 100%\u00a0entre la llamada primera zona vitivin\u00edcola y el Este. Es la apreciaci\u00f3n de [&hellip;]<\/p>\n","protected":false},"author":2,"featured_media":10688,"comment_status":"open","ping_status":"open","sticky":false,"template":"","format":"standard","meta":[],"categories":[87],"tags":[],"_links":{"self":[{"href":"https:\/\/pasaenmendoza.com\/index.php?rest_route=\/wp\/v2\/posts\/10687"}],"collection":[{"href":"https:\/\/pasaenmendoza.com\/index.php?rest_route=\/wp\/v2\/posts"}],"about":[{"href":"https:\/\/pasaenmendoza.com\/index.php?rest_route=\/wp\/v2\/types\/post"}],"author":[{"embeddable":true,"href":"https:\/\/pasaenmendoza.com\/index.php?rest_route=\/wp\/v2\/users\/2"}],"replies":[{"embeddable":true,"href":"https:\/\/pasaenmendoza.com\/index.php?rest_route=%2Fwp%2Fv2%2Fcomments&post=10687"}],"version-history":[{"count":1,"href":"https:\/\/pasaenmendoza.com\/index.php?rest_route=\/wp\/v2\/posts\/10687\/revisions"}],"predecessor-version":[{"id":10689,"href":"https:\/\/pasaenmendoza.com\/index.php?rest_route=\/wp\/v2\/posts\/10687\/revisions\/10689"}],"wp:featuredmedia":[{"embeddable":true,"href":"https:\/\/pasaenmendoza.com\/index.php?rest_route=\/wp\/v2\/media\/10688"}],"wp:attachment":[{"href":"https:\/\/pasaenmendoza.com\/index.php?rest_route=%2Fwp%2Fv2%2Fmedia&parent=10687"}],"wp:term":[{"taxonomy":"category","embeddable":true,"href":"https:\/\/pasaenmendoza.com\/index.php?rest_route=%2Fwp%2Fv2%2Fcategories&post=10687"},{"taxonomy":"post_tag","embeddable":true,"href":"https:\/\/pasaenmendoza.com\/index.php?rest_route=%2Fwp%2Fv2%2Ftags&post=10687"}],"curies":[{"name":"wp","href":"https:\/\/api.w.org\/{rel}","templated":true}]}}