{"id":10690,"date":"2024-12-19T23:39:15","date_gmt":"2024-12-19T22:39:15","guid":{"rendered":"https:\/\/pasaenmendoza.com\/?p=10690"},"modified":"2024-12-19T23:39:16","modified_gmt":"2024-12-19T22:39:16","slug":"los-tours-de-compras-a-chile-deberian-salir-de-la-terminal-considero-el-gobierno","status":"publish","type":"post","link":"https:\/\/pasaenmendoza.com\/?p=10690","title":{"rendered":"Los tours de compras a Chile deber\u00edan salir de la terminal, consider\u00f3 el Gobierno"},"content":{"rendered":"\n<p>El ministro de Producci\u00f3n,\u00a0Rodolfo Vargas Arizu, solicit\u00f3 a la Comisi\u00f3n Nacional de Regulaci\u00f3n del Transporte (CNRT) que los<strong>\u00a0tours de compras a Chile<\/strong>\u00a0partan obligatoriamente desde la terminal, para garantizar que se realicen los\u00a0<strong>controles\u00a0<\/strong>correspondientes. De hecho, el martes uno de ellos -proveniente de San Juan-\u00a0lleg\u00f3 al complejo aduanero chileno con una rueda rajada en su lateral.<\/p>\n\n\n\n<p>Actualmente, los pasajeros se convocan en distintos puntos de Ciudad y Guaymall\u00e9n y desde all\u00ed abordan el micro, lo que genera que desde que salen hasta que lleguen al complejo aduanero recorran 210 kil\u00f3metros, incluyendo los peligrosos &#8220;caracoles&#8221;, sin ning\u00fan tipo de\u00a0<strong>supervisi\u00f3n<\/strong>\u00a0del estado de la unidad.<\/p>\n\n\n\n<p>No fue el \u00fanico pedido. El Gobierno, adem\u00e1s, pidi\u00f3 que se entreguen s\u00f3lo&nbsp;<strong>25 permisos por d\u00eda<\/strong>. Para dimensionar, lo que quiere el Ejecutivo es disminuir a la mitad la cantidad de los tours. Por ejemplo, en un d\u00eda de semana, salen, solo desde Mendoza, entre 40 y 50 micros rumbo a Chile.<\/p>\n\n\n\n<p>La otra idea que barajaban desde la cartera de Vargas Arizu era que dejen de pasar por el&nbsp;<strong>Complejo Los Libertadores<\/strong>, donde se agolpan y generan largas demoras, y se desv\u00eden hacia el&nbsp;<strong>Paso Pehuenche<\/strong>, en Malarg\u00fce, el otro paso mendocino habilitado para cruzar la cordillera; pero en las \u00faltimas horas qued\u00f3 descartada porque esa v\u00eda no tiene la suficiente estructura como para controlarlos.<\/p>\n\n\n\n<p>El Ejecutivo a\u00fan espera la respuesta favorable de la\u00a0<strong>CNRT<\/strong>, que se expedir\u00e1 en las pr\u00f3ximas semanas.<\/p>\n\n\n\n<h2 class=\"wp-block-heading\">Mercedes Rus anunci\u00f3 que le entregar\u00e1n el sistema Tetra a Gendarmer\u00eda para la ruta 7<\/h2>\n\n\n\n<p>El Gobierno trabaja en estos d\u00edas para evitar lo m\u00e1ximo posible las tragedias en&nbsp;<strong>alta monta\u00f1a<\/strong>. No s\u00f3lo es la conducta imprudente de quienes circulan por esta v\u00eda, sino tambi\u00e9n el p\u00e9simo estado de la calzada, por un lugar que pasan m\u00e1s de 3.000 veh\u00edculos por d\u00eda, incluidos camiones, autos particulares y colectivos.<\/p>\n\n\n\n<p>Por ello, para mejorar la comunicaci\u00f3n de Gendarmer\u00eda nacional, la ministra de Seguridad,&nbsp;<strong>Mercedes Rus<\/strong>, entreg\u00f3 a esta fuerza el sistema Tetra de comunicaci\u00f3n, que es el que utilizan todas las fuerzas de seguridad y el sistema sanitario.<\/p>\n\n\n\n<p>&#8220;Le vamos a entregar a Gendarmer\u00eda cuatro terminales del sistema Tetra, para que pueda&nbsp;<strong>custodiar la ruta<\/strong>. Se van a hacer&nbsp;<strong>inversiones en c\u00e1maras y en drones<\/strong>&#8220;, adelant\u00f3<strong>&nbsp;Vargas Arizu<\/strong>, que junto a la ministra Mercedes Rus particip\u00f3 de varias reuniones con dirigentes del gobierno nacional.<\/p>\n\n\n\n<h2 class=\"wp-block-heading\">El ministro Mema explicit\u00f3 que aumentar\u00e1n los controles en el paso a Chile<\/h2>\n\n\n\n<p>El ministro de Gobierno,\u00a0<strong>Natalio Mema<\/strong>, inform\u00f3 que a partir del viernes 20 de diciembre se intensificar\u00e1n los controles en la\u00a0<strong>Ruta Nacional 7<\/strong>, que lleva al pa\u00eds trasandino.<\/p>\n\n\n\n<p>La semana pasada, junto a la encargada de Seguridad y Justicia y Vargas Arizu, viajaron a Buenos Aires para entregarles al gobierno nacional un plan para lograr mejoras a corto y largo plazo en la arteria nacional, que en los \u00faltimos d\u00edas fue el\u00a0escenario de\u00a0<strong>accidentes fatales<\/strong>\u00a0e imprudencias al volante\u00a0que no terminaron en incidentes por poco.<\/p>\n\n\n\n<p>\u201cComo en lo inmediato no habr\u00e1 intervenci\u00f3n en la infraestructura, nos dejaron como provincia intervenir en los\u00a0<strong>controles<\/strong>\u201d, explic\u00f3 Mema.<\/p>\n\n\n\n<h2 class=\"wp-block-heading\">El gobierno nacional licitar\u00e1 los arreglos de la ruta 7<\/h2>\n\n\n\n<p>En estas reuniones con referentes en materia de Seguridad de nivel nacional, los representantes del gobierno provincial le plantearon la urgencia a Naci\u00f3n para arreglar estructuralmente la&nbsp;<strong>Ruta Nacional 7<\/strong>. La respuesta que trajeron a Mendoza es que el presidente Javier Milei licitar\u00e1, entre febrero y marzo, las obras para arreglarla con el cobro de un peaje para el recupero de la inversi\u00f3n.<\/p>\n\n\n\n<p>&#8220;Todos esos problemas son de falta de inversi\u00f3n de 30 a\u00f1os. La Provincia no tiene jurisdicci\u00f3n sobre la&nbsp;<strong>ruta 7<\/strong>&nbsp;ni en la ruta 40, pero ante lo que est\u00e1 pasando fuimos a ver qu\u00e9 pod\u00edamos hacer&#8221;, aclar\u00f3 Vargas Arizu.<\/p>\n\n\n\n<p>Los mendocinos, adem\u00e1s, se reunieron con la Asociaci\u00f3n de Propietarios de Camiones&nbsp;<strong>(Aprocam)<\/strong>&nbsp;que pidieron&nbsp;<strong>mayores controles viales y de alcoholemia,<\/strong>&nbsp;y ahora tambi\u00e9n le pidieron un trabajo en conjunto a la Comisi\u00f3n Nacional de Regulaci\u00f3n del Transporte (CNRT) para un mayor control de los<strong>&nbsp;tours de compras<\/strong>.<\/p>\n\n\n\n<p>&#8220;Reci\u00e9n ahora tenemos la delegada de la CNRT y pedimos que no autoricen tantos micros de los\u00a0<strong>tours de compras<\/strong>&#8220;, dijo el encargado de Producci\u00f3n, y aclar\u00f3 que muchos de esos colectivos, por el volumen de mercader\u00eda que traen,\u00a0<strong>&#8220;rozan con el contrabando&#8221;.<\/strong><\/p>\n\n\n\n<p><strong>Fuente: www.diariouno.com.ar<\/strong><\/p>\n","protected":false},"excerpt":{"rendered":"<p>El ministro de Producci\u00f3n,\u00a0Rodolfo Vargas Arizu, solicit\u00f3 a la Comisi\u00f3n Nacional de Regulaci\u00f3n del Transporte (CNRT) que los\u00a0tours de compras a Chile\u00a0partan obligatoriamente desde la terminal, para garantizar que se realicen los\u00a0controles\u00a0correspondientes. De hecho, el martes uno de ellos -proveniente de San Juan-\u00a0lleg\u00f3 al complejo aduanero chileno con una rueda rajada en su lateral. Actualmente, [&hellip;]<\/p>\n","protected":false},"author":2,"featured_media":10691,"comment_status":"open","ping_status":"open","sticky":false,"template":"","format":"standard","meta":[],"categories":[112],"tags":[],"_links":{"self":[{"href":"https:\/\/pasaenmendoza.com\/index.php?rest_route=\/wp\/v2\/posts\/10690"}],"collection":[{"href":"https:\/\/pasaenmendoza.com\/index.php?rest_route=\/wp\/v2\/posts"}],"about":[{"href":"https:\/\/pasaenmendoza.com\/index.php?rest_route=\/wp\/v2\/types\/post"}],"author":[{"embeddable":true,"href":"https:\/\/pasaenmendoza.com\/index.php?rest_route=\/wp\/v2\/users\/2"}],"replies":[{"embeddable":true,"href":"https:\/\/pasaenmendoza.com\/index.php?rest_route=%2Fwp%2Fv2%2Fcomments&post=10690"}],"version-history":[{"count":1,"href":"https:\/\/pasaenmendoza.com\/index.php?rest_route=\/wp\/v2\/posts\/10690\/revisions"}],"predecessor-version":[{"id":10692,"href":"https:\/\/pasaenmendoza.com\/index.php?rest_route=\/wp\/v2\/posts\/10690\/revisions\/10692"}],"wp:featuredmedia":[{"embeddable":true,"href":"https:\/\/pasaenmendoza.com\/index.php?rest_route=\/wp\/v2\/media\/10691"}],"wp:attachment":[{"href":"https:\/\/pasaenmendoza.com\/index.php?rest_route=%2Fwp%2Fv2%2Fmedia&parent=10690"}],"wp:term":[{"taxonomy":"category","embeddable":true,"href":"https:\/\/pasaenmendoza.com\/index.php?rest_route=%2Fwp%2Fv2%2Fcategories&post=10690"},{"taxonomy":"post_tag","embeddable":true,"href":"https:\/\/pasaenmendoza.com\/index.php?rest_route=%2Fwp%2Fv2%2Ftags&post=10690"}],"curies":[{"name":"wp","href":"https:\/\/api.w.org\/{rel}","templated":true}]}}