{"id":10693,"date":"2024-12-19T23:44:16","date_gmt":"2024-12-19T22:44:16","guid":{"rendered":"https:\/\/pasaenmendoza.com\/?p=10693"},"modified":"2024-12-19T23:44:17","modified_gmt":"2024-12-19T22:44:17","slug":"alfredo-cornejo-compro-medicamentos-indios-por-150-000-dolares-al-50-de-su-costo-en-el-pais","status":"publish","type":"post","link":"https:\/\/pasaenmendoza.com\/?p=10693","title":{"rendered":"Alfredo Cornejo compr\u00f3 medicamentos indios por 150.000 d\u00f3lares, al 50% de su costo en el pa\u00eds"},"content":{"rendered":"\n<p>La prueba piloto que implement\u00f3 Mendoza de comprar medicamentos a la India, con la meta de abaratar los costos finales, est\u00e1 a punto de mostrar su efectividad. Seg\u00fan cont\u00f3 el gobernador\u00a0<strong>Alfredo Cornejo<\/strong>, la Provincia realiz\u00f3 la primera compra por 150.000 d\u00f3lares, que llegar\u00eda a fines de enero y ser\u00eda para tratar la diabetes.<\/p>\n\n\n\n<p>Si bien se trata de medicamentos que en principio&nbsp;<strong>se usar\u00e1n en los hospitales y efectores p\u00fablicos<\/strong>, en Casa de Gobierno se ilusionan con que en el corto plazo terminen incidiendo en una baja en el costo de los que se venden en las farmacias locales.<\/p>\n\n\n\n<p><strong>Alfredo Cornejo<\/strong>&nbsp;acot\u00f3 que el&nbsp;<strong>costo<\/strong>&nbsp;de lo que ha pagado el Estado por esos medicamentos&nbsp;<strong>se redujo a la mitad<\/strong>&nbsp;de lo que ven\u00eda gastando el Ministerio de Salud por los mismos de fabricaci\u00f3n nacional.<\/p>\n\n\n\n<p>A mitad de a\u00f1o, el ministro de Salud, Rodolfo Montero se reuni\u00f3 con el embajador de la India para sentar las bases de la compra de medicamentos a ese pa\u00eds.<\/p>\n\n\n\n<h2 class=\"wp-block-heading\">Alfredo Cornejo detall\u00f3 la primera compra de medicamentos a la India<\/h2>\n\n\n\n<p>&#8220;Estamos haciendo la primera compra de un remedio que es muy usado en el sector p\u00fablico, que es para la diabetes. Estamos comprando 150 mil d\u00f3lares para probar el canal (de compra) pero es una compra muy relevante que tiene una reducci\u00f3n del precio que pagamos por ese medicamento entre 45% y 50% inferior a lo que compr\u00e1bamos&#8221;, apunt\u00f3.<\/p>\n\n\n\n<p>El gobernador adelant\u00f3 que &#8220;es muy probable que a finales de enero ya los tengamos ac\u00e1. Hicimos el pago, creo que hoy d\u00eda (por este jueves), y era una condici\u00f3n hacer el pago anticipadamente&#8221;, confi\u00f3.<\/p>\n\n\n\n<p>Hay que recordar, que despu\u00e9s de la iniciativa de importaci\u00f3n de esos medicamentos que idearon en conjunto el ministro de Salud, Rodolfo Montero, y el mismo&nbsp;<strong>Alfredo Cornejo<\/strong>, fue el ministro de Desregulaci\u00f3n de la Naci\u00f3n, Federico Sturzenegger, quien aclar\u00f3 que las provincias pueden comprar medicamentos en el exterior sin ning\u00fan tipo de autorizaci\u00f3n por parte de Naci\u00f3n.<\/p>\n\n\n\n<p>A principios de octubre,\u00a0Sturzenegger record\u00f3 que la Ley 16.463 de Medicamentos establece que es la jurisdicci\u00f3n provincial quien define la importaci\u00f3n, uso y comercializaci\u00f3n de medicamentos en cada provincia. Esto aclara que las\u00a0<strong>provincias no necesitan tener autorizaci\u00f3n<\/strong>\u00a0nacional para\u00a0<strong>importar\u00a0<\/strong>ning\u00fan tipo de medicamentos.<\/p>\n\n\n\n<p>Desde 2016 el costo de los medicamentos se ha duplicado en la Argentina relativo a Estados Unidos y la reducci\u00f3n del precio de estos productos es un objetivo claro del Ministerio de Desregulaci\u00f3n y Transformaci\u00f3n del Estado, seg\u00fan asegur\u00f3 el ministro de Milei en sus posteos de las redes sociales,.<\/p>\n\n\n\n<p>Eso explica, que seg\u00fan Cornejo, luego de la iniciativa que tom\u00f3 Mendoza, hayan aparecido otras provincias interesadas en hacer las mismas compras. &#8220;Muchas&nbsp;<strong>provincias nos est\u00e1n pidiendo todo el procedimiento<\/strong>. De a poco va a ir cambiando el mercado de los medicamentos y ojal\u00e1 esto llegue lo m\u00e1s r\u00e1pido posible al precio de las farmacias&#8221;, afirm\u00f3.<\/p>\n\n\n\n<h2 class=\"wp-block-heading\">Cu\u00e1ntas compras de medicamentos indios hizo Alfredo Cornejo<\/h2>\n\n\n\n<p>Al hacer el ya cl\u00e1sico balance de fin de a\u00f1o,&nbsp;<strong>Alfredo Cornejo<\/strong>&nbsp;incluy\u00f3 el avance de la compra de medicamentos indios como uno de los logros de este 2024.<\/p>\n\n\n\n<p>El mandatario aseguraba que ante la necesidad de que la Administraci\u00f3n Nacional de Medicamentos, Alimentos y Tecnolog\u00eda M\u00e9dica (ANMAT) aprobara la utilizaci\u00f3n de esos medicamentos indios, el Estado mendocino hab\u00eda hecho una primera compra de 20.000 d\u00f3lares.<\/p>\n\n\n\n<p>Sin embargo, se conoci\u00f3 que adem\u00e1s de esa compra piloto la Provincia avanz\u00f3 con esta nueva compra de 150.000 d\u00f3lares, y otra m\u00e1s por un monto de 75.000 d\u00f3lares, las que gest\u00f3 a trav\u00e9s de la Organizaci\u00f3n Mundial de la Salud (OMS) y la Organizaci\u00f3n Panamericana de la Salud (OPS).<\/p>\n\n\n\n<p><strong>Fuente: www.diariouno.com.ar<\/strong><\/p>\n","protected":false},"excerpt":{"rendered":"<p>La prueba piloto que implement\u00f3 Mendoza de comprar medicamentos a la India, con la meta de abaratar los costos finales, est\u00e1 a punto de mostrar su efectividad. Seg\u00fan cont\u00f3 el gobernador\u00a0Alfredo Cornejo, la Provincia realiz\u00f3 la primera compra por 150.000 d\u00f3lares, que llegar\u00eda a fines de enero y ser\u00eda para tratar la diabetes. Si bien [&hellip;]<\/p>\n","protected":false},"author":2,"featured_media":10694,"comment_status":"open","ping_status":"open","sticky":false,"template":"","format":"standard","meta":[],"categories":[58],"tags":[],"_links":{"self":[{"href":"https:\/\/pasaenmendoza.com\/index.php?rest_route=\/wp\/v2\/posts\/10693"}],"collection":[{"href":"https:\/\/pasaenmendoza.com\/index.php?rest_route=\/wp\/v2\/posts"}],"about":[{"href":"https:\/\/pasaenmendoza.com\/index.php?rest_route=\/wp\/v2\/types\/post"}],"author":[{"embeddable":true,"href":"https:\/\/pasaenmendoza.com\/index.php?rest_route=\/wp\/v2\/users\/2"}],"replies":[{"embeddable":true,"href":"https:\/\/pasaenmendoza.com\/index.php?rest_route=%2Fwp%2Fv2%2Fcomments&post=10693"}],"version-history":[{"count":1,"href":"https:\/\/pasaenmendoza.com\/index.php?rest_route=\/wp\/v2\/posts\/10693\/revisions"}],"predecessor-version":[{"id":10695,"href":"https:\/\/pasaenmendoza.com\/index.php?rest_route=\/wp\/v2\/posts\/10693\/revisions\/10695"}],"wp:featuredmedia":[{"embeddable":true,"href":"https:\/\/pasaenmendoza.com\/index.php?rest_route=\/wp\/v2\/media\/10694"}],"wp:attachment":[{"href":"https:\/\/pasaenmendoza.com\/index.php?rest_route=%2Fwp%2Fv2%2Fmedia&parent=10693"}],"wp:term":[{"taxonomy":"category","embeddable":true,"href":"https:\/\/pasaenmendoza.com\/index.php?rest_route=%2Fwp%2Fv2%2Fcategories&post=10693"},{"taxonomy":"post_tag","embeddable":true,"href":"https:\/\/pasaenmendoza.com\/index.php?rest_route=%2Fwp%2Fv2%2Ftags&post=10693"}],"curies":[{"name":"wp","href":"https:\/\/api.w.org\/{rel}","templated":true}]}}