{"id":10696,"date":"2024-12-20T12:56:09","date_gmt":"2024-12-20T11:56:09","guid":{"rendered":"https:\/\/pasaenmendoza.com\/?p=10696"},"modified":"2024-12-20T12:56:10","modified_gmt":"2024-12-20T11:56:10","slug":"el-tiempo-en-mendoza-tendremos-un-viernes-indulgente-con-el-calor","status":"publish","type":"post","link":"https:\/\/pasaenmendoza.com\/?p=10696","title":{"rendered":"El tiempo en Mendoza: tendremos un viernes indulgente con el calor"},"content":{"rendered":"\n<p>La<strong>&nbsp;temperatura m\u00e1xima para este viernes ser\u00e1 de 31 grados cent\u00edgrados<\/strong>, mientras que la&nbsp;<strong>m\u00ednima ascender\u00e1 a los 21 grados<\/strong>.<\/p>\n\n\n\n<p>El pron\u00f3stico de la&nbsp;<strong>Direcci\u00f3n de Contingencias Clim\u00e1ticas&nbsp;<\/strong>adelant\u00f3 que estar\u00e1 \u201c<em>parcialmente nublado y ventoso, vientos moderados del sector sur, descenso de la temperatura<\/em>\u201c.<\/p>\n\n\n\n<p>Aquellos que circulen por la alta monta\u00f1a y viajen a&nbsp;<strong>Chile<\/strong>&nbsp;tendr\u00e1n \u201c<em>buen tiempo en cordillera<\/em>\u201c.<\/p>\n\n\n\n<p>El s\u00e1bado no habr\u00e1 muchos cambios en la temperatura, pero\u00a0<strong>el domingo y el lunes vuelve el calor extremo.<\/strong><\/p>\n\n\n\n<p><strong>Fuente: www.elsol.com.ar<\/strong><\/p>\n","protected":false},"excerpt":{"rendered":"<p>La&nbsp;temperatura m\u00e1xima para este viernes ser\u00e1 de 31 grados cent\u00edgrados, mientras que la&nbsp;m\u00ednima ascender\u00e1 a los 21 grados. El pron\u00f3stico de la&nbsp;Direcci\u00f3n de Contingencias Clim\u00e1ticas&nbsp;adelant\u00f3 que estar\u00e1 \u201cparcialmente nublado y ventoso, vientos moderados del sector sur, descenso de la temperatura\u201c. Aquellos que circulen por la alta monta\u00f1a y viajen a&nbsp;Chile&nbsp;tendr\u00e1n \u201cbuen tiempo en cordillera\u201c. El [&hellip;]<\/p>\n","protected":false},"author":2,"featured_media":10697,"comment_status":"open","ping_status":"open","sticky":false,"template":"","format":"standard","meta":[],"categories":[52],"tags":[],"_links":{"self":[{"href":"https:\/\/pasaenmendoza.com\/index.php?rest_route=\/wp\/v2\/posts\/10696"}],"collection":[{"href":"https:\/\/pasaenmendoza.com\/index.php?rest_route=\/wp\/v2\/posts"}],"about":[{"href":"https:\/\/pasaenmendoza.com\/index.php?rest_route=\/wp\/v2\/types\/post"}],"author":[{"embeddable":true,"href":"https:\/\/pasaenmendoza.com\/index.php?rest_route=\/wp\/v2\/users\/2"}],"replies":[{"embeddable":true,"href":"https:\/\/pasaenmendoza.com\/index.php?rest_route=%2Fwp%2Fv2%2Fcomments&post=10696"}],"version-history":[{"count":1,"href":"https:\/\/pasaenmendoza.com\/index.php?rest_route=\/wp\/v2\/posts\/10696\/revisions"}],"predecessor-version":[{"id":10698,"href":"https:\/\/pasaenmendoza.com\/index.php?rest_route=\/wp\/v2\/posts\/10696\/revisions\/10698"}],"wp:featuredmedia":[{"embeddable":true,"href":"https:\/\/pasaenmendoza.com\/index.php?rest_route=\/wp\/v2\/media\/10697"}],"wp:attachment":[{"href":"https:\/\/pasaenmendoza.com\/index.php?rest_route=%2Fwp%2Fv2%2Fmedia&parent=10696"}],"wp:term":[{"taxonomy":"category","embeddable":true,"href":"https:\/\/pasaenmendoza.com\/index.php?rest_route=%2Fwp%2Fv2%2Fcategories&post=10696"},{"taxonomy":"post_tag","embeddable":true,"href":"https:\/\/pasaenmendoza.com\/index.php?rest_route=%2Fwp%2Fv2%2Ftags&post=10696"}],"curies":[{"name":"wp","href":"https:\/\/api.w.org\/{rel}","templated":true}]}}