{"id":10708,"date":"2024-12-20T22:03:20","date_gmt":"2024-12-20T21:03:20","guid":{"rendered":"https:\/\/pasaenmendoza.com\/?p=10708"},"modified":"2024-12-20T22:03:21","modified_gmt":"2024-12-20T21:03:21","slug":"triple-choque-entre-dos-camiones-y-una-camioneta-sobre-el-acceso-sur-en-lujan","status":"publish","type":"post","link":"https:\/\/pasaenmendoza.com\/?p=10708","title":{"rendered":"Triple choque entre dos camiones y una camioneta sobre el Acceso Sur en Luj\u00e1n"},"content":{"rendered":"\n<p>Dos camiones y una camioneta protagonizaron un&nbsp;<strong>triple choque<\/strong>&nbsp;la tarde de este viernes sobre el<strong>&nbsp;Acceso Sur<\/strong>, a la altura de&nbsp;<strong>Ugarteche<\/strong>,&nbsp;<strong>Luj\u00e1n de Cuyo<\/strong>. A ra\u00edz del siniestro, una v\u00edctima qued\u00f3 atrapada en uno de los rodados y tuvo que ser rescatado para luego ser hospitalizada por las lesiones sufridas.<\/p>\n\n\n\n<p>El accidente se produjo alrededor de las 15 sobre la&nbsp;<strong>ruta 40,<\/strong>&nbsp;a metros del ingreso a la&nbsp;<strong>ruta 16<\/strong>&nbsp;que conduce hacia&nbsp;<strong>El Carrizal<\/strong>&nbsp;y las autoridades tomaron conocimiento a trav\u00e9s de la l\u00ednea de emergencias 911 sobre la colisi\u00f3n.<\/p>\n\n\n\n<p>Polic\u00edas se desplazaron hasta la escena y constataron que el siniestro tuvo lugar a la altura del\u00a0<strong>helipuerto\u00a0<\/strong>ubicado en ese sector, donde\u00a0<strong>dos camiones y una camioneta chocaron\u00a0<\/strong>por motivos que se tratan establecer.<\/p>\n\n\n\n<p>En la cabina de uno de los camiones se encontraba atrapada una v\u00edctima, quien fue retirada del interior por personal de&nbsp;<strong>Bomberos Voluntarios de Luj\u00e1n<\/strong>&nbsp;y de la&nbsp;<strong>Subdelegaci\u00f3n de Bomberos de El Carrizal<\/strong>, perteneciente a la&nbsp;<strong>Polic\u00eda de Mendoza<\/strong>.<\/p>\n\n\n\n<p>Posteriormente, el lesionado fue trasladado de urgencia al<strong>&nbsp;Hospital Central&nbsp;<\/strong>en una ambulancia del<strong>&nbsp;Servicio de Emergencias Coordinado<\/strong>&nbsp;(<strong>SEC<\/strong>).<\/p>\n\n\n\n<p>Debido a que los rodados quedaron sobre la banquina y en el sector que divide las dos manos de la ruta, el tr\u00e1nsito no se vio interrumpido y trabaj\u00f3 en el lugar personal de la\u00a0<strong>Polic\u00eda Vial<\/strong>\u00a0y la\u00a0<strong>Polic\u00eda Cient\u00edfica<\/strong>.<\/p>\n\n\n\n<p><strong>Fuente: www.elsol.com.ar<\/strong><\/p>\n","protected":false},"excerpt":{"rendered":"<p>Dos camiones y una camioneta protagonizaron un&nbsp;triple choque&nbsp;la tarde de este viernes sobre el&nbsp;Acceso Sur, a la altura de&nbsp;Ugarteche,&nbsp;Luj\u00e1n de Cuyo. A ra\u00edz del siniestro, una v\u00edctima qued\u00f3 atrapada en uno de los rodados y tuvo que ser rescatado para luego ser hospitalizada por las lesiones sufridas. El accidente se produjo alrededor de las 15 [&hellip;]<\/p>\n","protected":false},"author":2,"featured_media":10709,"comment_status":"open","ping_status":"open","sticky":false,"template":"","format":"standard","meta":[],"categories":[48],"tags":[],"_links":{"self":[{"href":"https:\/\/pasaenmendoza.com\/index.php?rest_route=\/wp\/v2\/posts\/10708"}],"collection":[{"href":"https:\/\/pasaenmendoza.com\/index.php?rest_route=\/wp\/v2\/posts"}],"about":[{"href":"https:\/\/pasaenmendoza.com\/index.php?rest_route=\/wp\/v2\/types\/post"}],"author":[{"embeddable":true,"href":"https:\/\/pasaenmendoza.com\/index.php?rest_route=\/wp\/v2\/users\/2"}],"replies":[{"embeddable":true,"href":"https:\/\/pasaenmendoza.com\/index.php?rest_route=%2Fwp%2Fv2%2Fcomments&post=10708"}],"version-history":[{"count":1,"href":"https:\/\/pasaenmendoza.com\/index.php?rest_route=\/wp\/v2\/posts\/10708\/revisions"}],"predecessor-version":[{"id":10710,"href":"https:\/\/pasaenmendoza.com\/index.php?rest_route=\/wp\/v2\/posts\/10708\/revisions\/10710"}],"wp:featuredmedia":[{"embeddable":true,"href":"https:\/\/pasaenmendoza.com\/index.php?rest_route=\/wp\/v2\/media\/10709"}],"wp:attachment":[{"href":"https:\/\/pasaenmendoza.com\/index.php?rest_route=%2Fwp%2Fv2%2Fmedia&parent=10708"}],"wp:term":[{"taxonomy":"category","embeddable":true,"href":"https:\/\/pasaenmendoza.com\/index.php?rest_route=%2Fwp%2Fv2%2Fcategories&post=10708"},{"taxonomy":"post_tag","embeddable":true,"href":"https:\/\/pasaenmendoza.com\/index.php?rest_route=%2Fwp%2Fv2%2Ftags&post=10708"}],"curies":[{"name":"wp","href":"https:\/\/api.w.org\/{rel}","templated":true}]}}