{"id":10714,"date":"2024-12-20T23:32:37","date_gmt":"2024-12-20T22:32:37","guid":{"rendered":"https:\/\/pasaenmendoza.com\/?p=10714"},"modified":"2024-12-20T23:32:38","modified_gmt":"2024-12-20T22:32:38","slug":"hay-30-menos-de-turistas-brasilenos-en-mendoza-por-la-devaluacion-del-real-segun-referentes-del-sector","status":"publish","type":"post","link":"https:\/\/pasaenmendoza.com\/?p=10714","title":{"rendered":"Hay 30% menos de turistas brasile\u00f1os en Mendoza por la devaluaci\u00f3n del real, seg\u00fan referentes del sector"},"content":{"rendered":"\n<p>El real ya sufri\u00f3 una devaluaci\u00f3n de 24% este a\u00f1o, con una aceleraci\u00f3n en los \u00faltimos d\u00edas, y eso afecta al turismo receptivo de\u00a0<strong>Mendoza<\/strong>. La p\u00e9rdida de poder adquisitivo hace que para los<strong>\u00a0turistas de Brasil<\/strong> de a poco la provincia deje de ser uno de sus destinos predilectos de Sudam\u00e9rica.<\/p>\n\n\n\n<p>&#8220;Efectivamente, tiene un impacto directo sobre la afluencia de turistas desde Brasil. No solo por la&nbsp;<strong>devaluaci\u00f3n<\/strong>&nbsp;del real sino la revalorizaci\u00f3n del peso argentino&#8221;, analiz\u00f3 el titular de la&nbsp;<strong>C\u00e1mara de Turismo de Mendoza<\/strong>, Ricardo Beccacecci.<\/p>\n\n\n\n<p>Los operadores suman el factor d\u00f3lar, que a su cotizaci\u00f3n actual (unos $1.175) hace que, seg\u00fan Becacecci, &#8220;pr\u00e1cticamente se haya duplicado el<strong>&nbsp;costo de los servicios<\/strong>&nbsp;en Mendoza para los&nbsp;<strong>brasileros<\/strong>&#8220;.<\/p>\n\n\n\n<p>Lejos est\u00e1 diciembre de 2023, cuando el impacto de la inflaci\u00f3n y un d\u00f3lar cercano a $1.500 sosten\u00edan la demanda. Desde el sector tur\u00edstico receptivo calculan que, en la comparaci\u00f3n interanual, el nivel de&nbsp;<strong>reservas<\/strong>&nbsp;hoy es un 30% inferior.<\/p>\n\n\n\n<p>A la inversa, la situaci\u00f3n del\u00a0<strong>turismo\u00a0<\/strong>emisivo es la otra cara de la moneda. Por estos d\u00edas,\u00a0el presupuesto de un mendocino en Brasil rinde gracias a la\u00a0<strong>devaluaci\u00f3n del real<\/strong>.<\/p>\n\n\n\n<h2 class=\"wp-block-heading\">El precio de los hoteles para el bolsillo brasilero<\/h2>\n\n\n\n<p>&#8220;Hay una merma m\u00e1s relativa al cambio de modelo econ\u00f3mico entre 2023 y 2024 que por la devaluaci\u00f3n del real. Nos convertimos en un destino m\u00e1s caro y de nicho&#8221;, se\u00f1al\u00f3&nbsp;<strong>Diego Vi\u00f1olo<\/strong>, gerente comercial del hotel Hilton.<\/p>\n\n\n\n<p>En ese contexto, para morigerar la ca\u00edda del turismo receptivo, las tarifas del sector hotelero empezaron a acomodarse. Por delante asoma un verano \u00e1rido, con una&nbsp;<strong>fuerte ca\u00edda de la ocupaci\u00f3n<\/strong>.<\/p>\n\n\n\n<p>En el segmento 5 estrellas, elegido por los viajeros de&nbsp;<strong>Brasil<\/strong>, aseguran que los valores se ajustaron al menos 50% en los \u00faltimos meses. Un ejemplo es el de una conocida cadena con su eslab\u00f3n c\u00e9ntrico, que llev\u00f3 el precio por noche de una habitaci\u00f3n de U$S 450 a U$S 250 a partir de un tipo de cambio m\u00e1s &#8220;rendidor&#8221;.<\/p>\n\n\n\n<p>Una an\u00e9cdota sirve para ilustrar el&nbsp;<strong>cambio de \u00e9poca<\/strong>.<\/p>\n\n\n\n<p>&#8220;El a\u00f1o pasado un cliente brasilero, para no llevarse lo que le hab\u00eda sobrado, al momento del check out&nbsp;<strong>reparti\u00f3 m\u00e1s de $60 mil en propinas<\/strong>. Hoy eso ya no lo vemos&#8221;, cont\u00f3 el gerente de un conocido hotel, para quien el&nbsp;<strong>sector hotelero<\/strong>&nbsp;enfrenta &#8220;un problem\u00f3n&#8221;.<\/p>\n\n\n\n<p>Es que mientras la readecuaci\u00f3n de tarifas se instala, los&nbsp;<strong>costos en d\u00f3lares<\/strong>&nbsp;suben. Y de a poco vuelve a hablarse de la necesidad de &#8220;ser m\u00e1s eficientes&#8221;.<\/p>\n\n\n\n<h2 class=\"wp-block-heading\">Tambi\u00e9n la gastronom\u00eda<\/h2>\n\n\n\n<p>La afluencia a los&nbsp;<strong>restaurantes mendocinos<\/strong>&nbsp;tambi\u00e9n es un indicador del momento del turismo receptivo.<\/p>\n\n\n\n<p>Adem\u00e1s de conducir junto a su marido Mariano Gallego el laureado&nbsp;<strong>restaurante<\/strong>&nbsp;Brindillas, la chef Florencia D&#8217;Amico est\u00e1 al frente de la cocina de una reconocida&nbsp;<strong>bodega<\/strong>&nbsp;de Luj\u00e1n.<\/p>\n\n\n\n<p>Desde ese lugar, D&#8217;Amico no dud\u00f3 en afirmar que &#8220;la&nbsp;<strong>merma ya es del 70%<\/strong>&nbsp;este a\u00f1o. Y en los \u00faltimos tres meses, con la mayor&nbsp;<strong>devaluaci\u00f3n<\/strong>, se not\u00f3 mucho m\u00e1s&#8221;.<\/p>\n\n\n\n<p>El lugar ofrece un men\u00fa de 7 pasos que, con vino incluido, oscila entre los U$S 140 y U$S 160. &#8220;No podemos hablar de un menor ticket promedio, pero para el&nbsp;<strong>turista brasilero<\/strong>&nbsp;son precios que resultan m\u00e1s caros que el a\u00f1o pasado&#8221;.<\/p>\n\n\n\n<p>Claro que el&nbsp;<strong>universo gastron\u00f3mico<\/strong>&nbsp;de Mendoza es muy diverso. Y varios restaurantes, con cartas de hasta 400 d\u00f3lares, no parecen haber acusado recibo.<\/p>\n\n\n\n<p>En resumen, pese al menor flujo de&nbsp;<strong>turistas<\/strong>&nbsp;de Brasil, todav\u00eda nadie observa cancelaciones.<\/p>\n\n\n\n<p>&#8220;El\u00a0<strong>turista extranjero<\/strong>\u00a0toma la decisi\u00f3n al menos 90 d\u00edas antes, por lo que habr\u00e1 que ver qu\u00e9 sucede para marzo&#8221;, aventur\u00f3 Vi\u00f1olo, en coincidencia con Becacecci.<\/p>\n\n\n\n<p><strong>Fuente: www.diariouno.com.ar<\/strong><\/p>\n","protected":false},"excerpt":{"rendered":"<p>El real ya sufri\u00f3 una devaluaci\u00f3n de 24% este a\u00f1o, con una aceleraci\u00f3n en los \u00faltimos d\u00edas, y eso afecta al turismo receptivo de\u00a0Mendoza. La p\u00e9rdida de poder adquisitivo hace que para los\u00a0turistas de Brasil de a poco la provincia deje de ser uno de sus destinos predilectos de Sudam\u00e9rica. &#8220;Efectivamente, tiene un impacto directo [&hellip;]<\/p>\n","protected":false},"author":2,"featured_media":10715,"comment_status":"open","ping_status":"open","sticky":false,"template":"","format":"standard","meta":[],"categories":[64],"tags":[],"_links":{"self":[{"href":"https:\/\/pasaenmendoza.com\/index.php?rest_route=\/wp\/v2\/posts\/10714"}],"collection":[{"href":"https:\/\/pasaenmendoza.com\/index.php?rest_route=\/wp\/v2\/posts"}],"about":[{"href":"https:\/\/pasaenmendoza.com\/index.php?rest_route=\/wp\/v2\/types\/post"}],"author":[{"embeddable":true,"href":"https:\/\/pasaenmendoza.com\/index.php?rest_route=\/wp\/v2\/users\/2"}],"replies":[{"embeddable":true,"href":"https:\/\/pasaenmendoza.com\/index.php?rest_route=%2Fwp%2Fv2%2Fcomments&post=10714"}],"version-history":[{"count":1,"href":"https:\/\/pasaenmendoza.com\/index.php?rest_route=\/wp\/v2\/posts\/10714\/revisions"}],"predecessor-version":[{"id":10716,"href":"https:\/\/pasaenmendoza.com\/index.php?rest_route=\/wp\/v2\/posts\/10714\/revisions\/10716"}],"wp:featuredmedia":[{"embeddable":true,"href":"https:\/\/pasaenmendoza.com\/index.php?rest_route=\/wp\/v2\/media\/10715"}],"wp:attachment":[{"href":"https:\/\/pasaenmendoza.com\/index.php?rest_route=%2Fwp%2Fv2%2Fmedia&parent=10714"}],"wp:term":[{"taxonomy":"category","embeddable":true,"href":"https:\/\/pasaenmendoza.com\/index.php?rest_route=%2Fwp%2Fv2%2Fcategories&post=10714"},{"taxonomy":"post_tag","embeddable":true,"href":"https:\/\/pasaenmendoza.com\/index.php?rest_route=%2Fwp%2Fv2%2Ftags&post=10714"}],"curies":[{"name":"wp","href":"https:\/\/api.w.org\/{rel}","templated":true}]}}