{"id":10720,"date":"2024-12-20T23:40:55","date_gmt":"2024-12-20T22:40:55","guid":{"rendered":"https:\/\/pasaenmendoza.com\/?p=10720"},"modified":"2024-12-20T23:40:56","modified_gmt":"2024-12-20T22:40:56","slug":"vendimia-2025-alfredo-cornejo-felicito-a-la-disenadora-de-la-uncuyo-que-ideo-el-afiche","status":"publish","type":"post","link":"https:\/\/pasaenmendoza.com\/?p=10720","title":{"rendered":"Vendimia 2025: Alfredo Cornejo felicit\u00f3 a la dise\u00f1adora de la UNCuyo que ide\u00f3 el afiche"},"content":{"rendered":"\n<p>El gobernador\u00a0<strong>Alfredo Cornejo<\/strong>\u00a0felicit\u00f3 este viernes a la dise\u00f1adora, egresada de la UNCuyo, que realiz\u00f3 el nuevo\u00a0<strong>afiche<\/strong>\u00a0de promoci\u00f3n de la Fiesta Nacional de la\u00a0<strong>Vendimia 2025<\/strong>. La propuesta fue elegida por un jurado de expertos entre otras 16 presentaciones. La profesional particip\u00f3 bajo el seud\u00f3nimo Pionchi.<\/p>\n\n\n\n<p>El concurso que lanz\u00f3 el Gobierno de Mendoza tuvo como objetivo elegir el dise\u00f1o del Sistema de Identidad y Comunicaci\u00f3n Visual para promocionar la Fiesta Nacional de la&nbsp;<strong>Vendimia 2025&nbsp;<\/strong>y el Calendario Vendimial que arranca el 2 de marzo con la Bendici\u00f3n de los Frutos y termina el 9 de marzo con la repetici\u00f3n del espect\u00e1culo en el Frank Romero Day.<\/p>\n\n\n\n<p>&#8220;La Fiesta Nacional de la\u00a0<strong>#Vendimia2025<\/strong>\u00a0Guardiana del vino eterno ya tiene su imagen. Tras analizar las 17 propuestas presentadas, el jurado eligi\u00f3 la realizada por Josefina Laudadio, dise\u00f1adora egresada de la UNCuyo. Felicitaciones&#8221;, poste\u00f3 el mandatario en sus redes sociales.<\/p>\n\n\n\n<h2 class=\"wp-block-heading\">La elecci\u00f3n de la imagen de la Vendimia 2025<\/h2>\n\n\n\n<p>El jurado evalu\u00f3 este viernes los 17 trabajos y eligi\u00f3, por mayor\u00eda, la propuesta ganadora que ser\u00e1 responsable de comunicar y publicitar la fiesta m\u00e1xima de los mendocinos en el pa\u00eds y en el mundo. El premio que recibir\u00e1 es de $3.000.000.<\/p>\n\n\n\n<p>Adem\u00e1s se anunciaron&nbsp;<strong>dos menciones especiales&nbsp;<\/strong>en orden de m\u00e9rito: la propuesta Pincel, de Luciana Orozco y Ana Casiel Bonada, primera menci\u00f3n, y Energ\u00eda, de Aixa Peralta, segunda.<\/p>\n\n\n\n<p>De parte del jurado participaron: de la Subsecretar\u00eda de Cultura, Carolina Clavijo y Facundo Piedrafita; del Gobierno de Mendoza, Mar\u00eda Alejandra G\u00f3mez; del equipo ganador de la Fiesta Nacional de la Vendimia 2025, Santiago Gerardi; del Emetur, Luis Serrano, responsable de Comunicaci\u00f3n del Ente y de Adimza, Pablo Daniel Cerd\u00e1.<\/p>\n\n\n\n<p>Tambi\u00e9n se sumaron los referentes de las universidades, por la UNCuyo, Ver\u00f3nica Carbone; por la UChampagnat, Ver\u00f3nica M\u00edguez; por la UMendoza, Mariela Tenutta, y por la UAconcagua, Mar\u00eda Alejandra Ricciardi. Por los institutos, la rectora del Instituto Superior Juan Gutenberg, Mar\u00eda Marta Farr\u00e1s; del IES Tupungato, Mar\u00eda Eugenia Urzi, y el veedor del concurso, Walter Gazzo, director de Prensa y Comunicaci\u00f3n de la Subsecretar\u00eda de Cultura.<\/p>\n\n\n\n<p>Los precios de las entradas para la Fiesta Nacional de la Vendimia 2025 fueron dados a conocer el 13 de diciembre.<\/p>\n\n\n\n<p><strong>Fuente: www.diariouno.com.ar<\/strong><\/p>\n","protected":false},"excerpt":{"rendered":"<p>El gobernador\u00a0Alfredo Cornejo\u00a0felicit\u00f3 este viernes a la dise\u00f1adora, egresada de la UNCuyo, que realiz\u00f3 el nuevo\u00a0afiche\u00a0de promoci\u00f3n de la Fiesta Nacional de la\u00a0Vendimia 2025. La propuesta fue elegida por un jurado de expertos entre otras 16 presentaciones. La profesional particip\u00f3 bajo el seud\u00f3nimo Pionchi. El concurso que lanz\u00f3 el Gobierno de Mendoza tuvo como objetivo [&hellip;]<\/p>\n","protected":false},"author":2,"featured_media":10721,"comment_status":"open","ping_status":"open","sticky":false,"template":"","format":"standard","meta":[],"categories":[74],"tags":[],"_links":{"self":[{"href":"https:\/\/pasaenmendoza.com\/index.php?rest_route=\/wp\/v2\/posts\/10720"}],"collection":[{"href":"https:\/\/pasaenmendoza.com\/index.php?rest_route=\/wp\/v2\/posts"}],"about":[{"href":"https:\/\/pasaenmendoza.com\/index.php?rest_route=\/wp\/v2\/types\/post"}],"author":[{"embeddable":true,"href":"https:\/\/pasaenmendoza.com\/index.php?rest_route=\/wp\/v2\/users\/2"}],"replies":[{"embeddable":true,"href":"https:\/\/pasaenmendoza.com\/index.php?rest_route=%2Fwp%2Fv2%2Fcomments&post=10720"}],"version-history":[{"count":1,"href":"https:\/\/pasaenmendoza.com\/index.php?rest_route=\/wp\/v2\/posts\/10720\/revisions"}],"predecessor-version":[{"id":10722,"href":"https:\/\/pasaenmendoza.com\/index.php?rest_route=\/wp\/v2\/posts\/10720\/revisions\/10722"}],"wp:featuredmedia":[{"embeddable":true,"href":"https:\/\/pasaenmendoza.com\/index.php?rest_route=\/wp\/v2\/media\/10721"}],"wp:attachment":[{"href":"https:\/\/pasaenmendoza.com\/index.php?rest_route=%2Fwp%2Fv2%2Fmedia&parent=10720"}],"wp:term":[{"taxonomy":"category","embeddable":true,"href":"https:\/\/pasaenmendoza.com\/index.php?rest_route=%2Fwp%2Fv2%2Fcategories&post=10720"},{"taxonomy":"post_tag","embeddable":true,"href":"https:\/\/pasaenmendoza.com\/index.php?rest_route=%2Fwp%2Fv2%2Ftags&post=10720"}],"curies":[{"name":"wp","href":"https:\/\/api.w.org\/{rel}","templated":true}]}}