{"id":10723,"date":"2024-12-23T22:55:21","date_gmt":"2024-12-23T21:55:21","guid":{"rendered":"https:\/\/pasaenmendoza.com\/?p=10723"},"modified":"2024-12-23T22:55:30","modified_gmt":"2024-12-23T21:55:30","slug":"confirmaron-a-diego-torres-luciano-pereyra-y-los-pericos-para-el-festival-nacional-de-la-tonada","status":"publish","type":"post","link":"https:\/\/pasaenmendoza.com\/?p=10723","title":{"rendered":"Confirmaron a Diego Torres, Luciano Pereyra y Los Pericos para el Festival Nacional de la Tonada"},"content":{"rendered":"\n<p>El Anfiteatro Municipal de<strong>\u00a0Tunuy\u00e1n<\/strong>\u00a0volver\u00e1 a ser el escenario de<strong>\u00a0Festival Nacional de la Tonada<\/strong>\u00a0y de la fiesta de la\u00a0<strong>Vendimia<\/strong>\u00a0departamental. Entre los artistas destacados anunciaron a\u00a0<strong>Los Pericos<\/strong>,\u00a0<strong>Diego Torres y Luciano Pereyra<\/strong>. El cl\u00e1sico encuentro del folclore cuyano ser\u00e1 del 31 de enero al 2 de febrero y han comprometido la convocatoria de destacados artistas locales.<\/p>\n\n\n\n<p>En la primera noche, la del viernes, se realizar\u00e1 la Vendimia departamental con un espect\u00e1culo y la elecci\u00f3n de la reina. El cierre estar\u00e1 a cargo Los Pericos.<\/p>\n\n\n\n<p>La 43\u00b0 edici\u00f3n del Festival Nacional de la&nbsp;<strong>Tonada<\/strong>&nbsp;se realizar\u00e1 el s\u00e1bado y domingo. El 1 de febrero contar\u00e1 con la presencia de Diego Torres, quien visita Tunuy\u00e1n por primera vez, y el 2 de febrero se presentar\u00e1 Luciano Pereyra, artista aclamado en todas las grillas festivaleras.<\/p>\n\n\n\n<p>Durante la conferencia de prensa\u00a0el Intendente de Tunuy\u00e1n,<strong>\u00a0Emir Andraos<\/strong>, resalt\u00f3 el desaf\u00edo que presenta organizar un evento de esta magnitud: &#8220;Nos enorgullece seguir llevando adelante las ediciones del festival de manera ininterrumpida a pesar del\u00a0<strong>contexto adverso en el que nos encontramos<\/strong>, pero tambi\u00e9n nos desaf\u00eda a\u00f1o a a\u00f1o a que las cosas salgan de la mejor manera\u201d. A lo que prosigui\u00f3 en resaltar \u201cdesde la gesti\u00f3n municipal estamos realizando las estrategias necesarias para proporcionar el m\u00e1ximo aprovechamiento de todos los recursos&#8221;.<\/p>\n\n\n\n<p>Andraos anticip\u00f3 que se retomar\u00e1 el escenario de Pe\u00f1a, un espacio alternativo en el predio del anfiteatro donde<strong>&nbsp;participar\u00e1n m\u00e1s artistas en forma paralela al escenario de Tonada<\/strong>. Este espacio permitir\u00e1 contener un mayor n\u00famero de m\u00fasicos locales y ampliar la grilla, como as\u00ed tambi\u00e9n satisfacer el disfrute de los asistentes.<\/p>\n\n\n\n<h2 class=\"wp-block-heading\">&#8220;Vendimia de Inspiraci\u00f3n&#8221; en Tunuy\u00e1n<\/h2>\n\n\n\n<p>El viernes 31 de enero se realizar\u00e1 la &#8220;Vendimia de Inspiraci\u00f3n&#8221;, un espect\u00e1culo fusionar\u00e1 cuadros de folklore y contempor\u00e1neo con la participaci\u00f3n de bailarines, cantantes, actores y actrices locales. El vestuario, utiler\u00eda, escenograf\u00eda y montaje es creado por personal municipal.<\/p>\n\n\n\n<p>Andraos precis\u00f3 que \u201cbajo el concepto &#8216;Vendimia de Inspiraci\u00f3n&#8217;, queremos mostrar c\u00f3mo nos hemos alentado y recreado desde la conformaci\u00f3n del pueblo, poniendo en valor nuestro pasado y fomentando nuestra identidad como comunidad&#8221;. Mientras que puntualiz\u00f3 \u201cen esta primera noche realizaremos la elecci\u00f3n y coronaci\u00f3n de nuestras soberanas al cetro Vendimial y de Tonada\u201d.<\/p>\n\n\n\n<p>El ingreso a la Vendimia ser\u00e1 un alimento no perecedero. Mientras que, las entradas para la Tonada se vender\u00e1n por v\u00eda web. Aunque los precios a\u00fan no est\u00e1n definidos, se busca que sean accesibles para asegurar la participaci\u00f3n de todos. Adem\u00e1s, se anunci\u00f3 que los residentes de Tunuy\u00e1n tendr\u00e1n un precio diferenciado en las entradas, brindando un beneficio especial para los vecinos del departamento anfitri\u00f3n.<\/p>\n\n\n\n<p><strong>Fuente: www.diariouno.com.ar<\/strong><\/p>\n","protected":false},"excerpt":{"rendered":"<p>El Anfiteatro Municipal de\u00a0Tunuy\u00e1n\u00a0volver\u00e1 a ser el escenario de\u00a0Festival Nacional de la Tonada\u00a0y de la fiesta de la\u00a0Vendimia\u00a0departamental. Entre los artistas destacados anunciaron a\u00a0Los Pericos,\u00a0Diego Torres y Luciano Pereyra. El cl\u00e1sico encuentro del folclore cuyano ser\u00e1 del 31 de enero al 2 de febrero y han comprometido la convocatoria de destacados artistas locales. En la [&hellip;]<\/p>\n","protected":false},"author":2,"featured_media":10724,"comment_status":"open","ping_status":"open","sticky":false,"template":"","format":"standard","meta":[],"categories":[50],"tags":[],"_links":{"self":[{"href":"https:\/\/pasaenmendoza.com\/index.php?rest_route=\/wp\/v2\/posts\/10723"}],"collection":[{"href":"https:\/\/pasaenmendoza.com\/index.php?rest_route=\/wp\/v2\/posts"}],"about":[{"href":"https:\/\/pasaenmendoza.com\/index.php?rest_route=\/wp\/v2\/types\/post"}],"author":[{"embeddable":true,"href":"https:\/\/pasaenmendoza.com\/index.php?rest_route=\/wp\/v2\/users\/2"}],"replies":[{"embeddable":true,"href":"https:\/\/pasaenmendoza.com\/index.php?rest_route=%2Fwp%2Fv2%2Fcomments&post=10723"}],"version-history":[{"count":1,"href":"https:\/\/pasaenmendoza.com\/index.php?rest_route=\/wp\/v2\/posts\/10723\/revisions"}],"predecessor-version":[{"id":10725,"href":"https:\/\/pasaenmendoza.com\/index.php?rest_route=\/wp\/v2\/posts\/10723\/revisions\/10725"}],"wp:featuredmedia":[{"embeddable":true,"href":"https:\/\/pasaenmendoza.com\/index.php?rest_route=\/wp\/v2\/media\/10724"}],"wp:attachment":[{"href":"https:\/\/pasaenmendoza.com\/index.php?rest_route=%2Fwp%2Fv2%2Fmedia&parent=10723"}],"wp:term":[{"taxonomy":"category","embeddable":true,"href":"https:\/\/pasaenmendoza.com\/index.php?rest_route=%2Fwp%2Fv2%2Fcategories&post=10723"},{"taxonomy":"post_tag","embeddable":true,"href":"https:\/\/pasaenmendoza.com\/index.php?rest_route=%2Fwp%2Fv2%2Ftags&post=10723"}],"curies":[{"name":"wp","href":"https:\/\/api.w.org\/{rel}","templated":true}]}}