{"id":10732,"date":"2024-12-23T23:22:09","date_gmt":"2024-12-23T22:22:09","guid":{"rendered":"https:\/\/pasaenmendoza.com\/?p=10732"},"modified":"2024-12-23T23:22:52","modified_gmt":"2024-12-23T22:22:52","slug":"anses-confirmo-un-bono-extra-de-50-000-para-jubilados-en-enero","status":"publish","type":"post","link":"https:\/\/pasaenmendoza.com\/?p=10732","title":{"rendered":"ANSES confirm\u00f3 un bono extra de $50.000 para jubilados en enero"},"content":{"rendered":"\n<p>Si bien est\u00e1 pr\u00e1cticamente todo confirmado para lo que ser\u00e1 el mes de enero del 2025,\u00a0<strong>ANSES<\/strong>\u00a0contin\u00faa limando todo para comenzar el a\u00f1o en perfectas condiciones. Una de las novedades m\u00e1s importantes se centra en los\u00a0<strong>jubilados<\/strong>\u00a0y\u00a0<strong>pensionados,<\/strong>\u00a0y es que el gobierno de\u00a0<strong>Javier Milei<\/strong>\u00a0anunci\u00f3 el pago de un interesante bono extra a un grupo en particular de este tipo de beneficiarios.<\/p>\n\n\n\n<p>Los jubilados y pensionados ya tienen confirmado que durante el mes de enero recibir\u00e1n un incremento apenas inferior al 2,5%, e incluso saben las fechas en la que cobrar\u00e1n su mensualidad. La nueva novedad que surge desde&nbsp;<strong>ANSES,<\/strong>&nbsp;por decisi\u00f3n de&nbsp;<strong>Javier Milei,<\/strong>&nbsp;es el pago de una&nbsp;<strong>ayuda econ\u00f3mica<\/strong>&nbsp;de $50.000 a&nbsp;<strong>jubilados<\/strong>&nbsp;que cobran 279 mil pesos, y es que esta medida es parte del&nbsp;<strong>bono<\/strong>&nbsp;extra para los beneficiarios que cobran la m\u00ednima.<\/p>\n\n\n\n<h2 class=\"wp-block-heading\">ANSES defini\u00f3 el calendario de pago de jubilados para enero<\/h2>\n\n\n\n<p>El gobierno de\u00a0<strong>Javier Milei<\/strong>\u00a0emiti\u00f3 en el Bolet\u00edn oficial donde confirmaba las fechas que componen el\u00a0<strong>calendario de pago\u00a0<\/strong>completo para\u00a0jubilados y pensionados\u00a0de todo el 2025.<\/p>\n\n\n\n<p>Para lo que ser\u00e1 el mes de enero,&nbsp;<strong>ANSES<\/strong>&nbsp;y el gobierno de&nbsp;<strong>Javier Milei<\/strong>&nbsp;optaron por las siguientes fechas para el&nbsp;<strong>calendario de pago<\/strong>:<\/p>\n\n\n\n<p><strong>Jubilados del haber m\u00ednimo<\/strong><\/p>\n\n\n\n<ul>\n<li>&nbsp;9 de enero: DNI terminados en 0.<\/li>\n\n\n\n<li>10 de enero: DNI terminados en 1.<\/li>\n\n\n\n<li>13 de enero: DNI terminados en 2.<\/li>\n\n\n\n<li>14 de enero: DNI terminados en 3.<\/li>\n\n\n\n<li>15 de enero: DNI terminados en 4.<\/li>\n\n\n\n<li>16 de enero: DNI terminados en 5.<\/li>\n\n\n\n<li>17 de enero: DNI terminados en 6.<\/li>\n\n\n\n<li>20 de enero: DNI terminados en 7.<\/li>\n\n\n\n<li>21 de enero: DNI terminados en 8.<\/li>\n\n\n\n<li>22 de enero: DNI terminados en 9.<\/li>\n<\/ul>\n\n\n\n<p><strong>Jubilados con el haber mayor a la m\u00ednima<\/strong><\/p>\n\n\n\n<ul>\n<li>&nbsp;23 de enero: DNI terminados en 0 y 1.<\/li>\n\n\n\n<li>24 de enero: DNI terminados en 2 y 3.<\/li>\n\n\n\n<li>27 de enero: DNI terminados en 4 y 5.<\/li>\n\n\n\n<li>28 de enero: DNI terminados en 6 y 7.<\/li>\n\n\n\n<li>29 de enero: DNI terminados en 8 y 9.<\/li>\n<\/ul>\n\n\n\n<h2 class=\"wp-block-heading\">ANSES confirm\u00f3 un nuevo bono extra para jubilados: qui\u00e9nes lo cobran<\/h2>\n\n\n\n<p><strong>ANSES,<\/strong>&nbsp;por medida del gobierno nacional de&nbsp;<strong>Javier Milei,<\/strong>&nbsp;pag\u00f3 durante todo el 2024 un&nbsp;<strong>bono<\/strong>&nbsp;extra para asistir a&nbsp;<strong>jubilados<\/strong>&nbsp;y&nbsp;<strong>pensionados<\/strong>&nbsp;que menos cobran. El objetivo de este refuerzo econ\u00f3mico fue el engrosar los haberes de los adultos mayores que cobran la m\u00ednima, todos los tipos de pensionados y tambi\u00e9n para quienes son beneficiarios de PUAM.<\/p>\n\n\n\n<p>Este&nbsp;<strong>bono extra<\/strong>&nbsp;comenz\u00f3 a pagarse durante el mes de enero, y el gobierno de&nbsp;<strong>Milei<\/strong>&nbsp;fue confirmando su continuidad mes a mes, incluso otorgando un aumento que permiti\u00f3 que llegara a ser de $70.000, monto en el que qued\u00f3 congelado desde marzo. En enero se pagar\u00e1, y el anuncio est\u00e1 pr\u00f3ximo a darse.<\/p>\n\n\n\n<p>Los&nbsp;<strong>jubilados<\/strong>&nbsp;que recibir\u00e1n este&nbsp;<strong>bono<\/strong>&nbsp;ser\u00e1 aquellos que cobren $279.598. Estos beneficiarios de&nbsp;<strong>ANSES<\/strong>&nbsp;recibir\u00e1n de manera exclusiva la ayuda econ\u00f3mica, aunque hay otros que recibir\u00e1n un monto mayor y otros un dinero menor.<\/p>\n\n\n\n<p>En cada mes,&nbsp;<strong>ANSES<\/strong>&nbsp;fue estableciendo un tope m\u00e1ximo para poder cobrar esta ayuda del gobierno de&nbsp;<strong>Javier<\/strong>&nbsp;<strong>Milei,<\/strong>&nbsp;y es que esto surgi\u00f3 a partir de que el monto que recibir\u00edan los&nbsp;<strong>jubilados<\/strong>&nbsp;y&nbsp;<strong>pensionados<\/strong>&nbsp;por el&nbsp;<strong>bono<\/strong>&nbsp;extra surgir\u00eda a partir de la diferencia existente entre el haber que cobra y el monto establecido como m\u00e1ximo para recibirse. Es decir, quien cobraba el monto m\u00ednimo recibir\u00eda los 70 mil, pero a medida que la mensualidad del beneficiario aumentaba, el refuerzo econ\u00f3mico se ve\u00eda reducido en monto.<\/p>\n\n\n\n<p>La escala de bonos para&nbsp;<strong>jubilados<\/strong>&nbsp;y&nbsp;<strong>pensionados<\/strong>&nbsp;de&nbsp;<strong>ANSES<\/strong>&nbsp;qued\u00f3 establecido de la siguiente manera:<\/p>\n\n\n\n<ul>\n<li><strong>Bono<\/strong>&nbsp;de $70.000 para&nbsp;<strong>jubilados<\/strong>&nbsp;que cobren $259.598 (haber m\u00ednimo)<\/li>\n\n\n\n<li><strong>Bono<\/strong>&nbsp;especial de $60.000 para&nbsp;<strong>jubilados<\/strong>&nbsp;que cobren $269.598<\/li>\n\n\n\n<li><strong>Bono<\/strong>&nbsp;especial de $50.000 para&nbsp;<strong>jubilados<\/strong>&nbsp;que cobren $279.598<\/li>\n\n\n\n<li><strong>Bono<\/strong>&nbsp;especial de $40.000 para&nbsp;<strong>jubilados<\/strong>&nbsp;que cobren $289.598<\/li>\n\n\n\n<li><strong>Bono<\/strong>&nbsp;especial de $30.000 para&nbsp;<strong>jubilados<\/strong>&nbsp;que cobren $299.598<\/li>\n\n\n\n<li><strong>Bono<\/strong>&nbsp;especial de $20.000 para&nbsp;<strong>jubilados<\/strong>&nbsp;que cobren $309.598<\/li>\n\n\n\n<li><strong>Bono<\/strong>&nbsp;especial de $10.000 para&nbsp;<strong>jubilados<\/strong>&nbsp;que cobren $319.598<\/li>\n<\/ul>\n\n\n\n<p>El pago de este&nbsp;<strong>bono<\/strong>&nbsp;de&nbsp;<strong>ANSES<\/strong>&nbsp;continuar\u00e1 durante todo el 2025, y si bien as\u00ed revel\u00f3 el director del ente nacional, a\u00fan falta la oficializaci\u00f3n por parte del gobierno de&nbsp;<strong>Javier Milei.<\/strong>&nbsp;Lo que s\u00ed es un hecho es que en caso de confirmarse, la&nbsp;<strong>ayuda econ\u00f3mica<\/strong>&nbsp;no tendr\u00e1 ning\u00fan tipo de incremento por inflaci\u00f3n, sino que se dar\u00e1 a trav\u00e9s de un decreto.<\/p>\n\n\n\n<p><strong>Fuente: www.diariouno.com.ar<\/strong><\/p>\n","protected":false},"excerpt":{"rendered":"<p>Si bien est\u00e1 pr\u00e1cticamente todo confirmado para lo que ser\u00e1 el mes de enero del 2025,\u00a0ANSES\u00a0contin\u00faa limando todo para comenzar el a\u00f1o en perfectas condiciones. Una de las novedades m\u00e1s importantes se centra en los\u00a0jubilados\u00a0y\u00a0pensionados,\u00a0y es que el gobierno de\u00a0Javier Milei\u00a0anunci\u00f3 el pago de un interesante bono extra a un grupo en particular de este [&hellip;]<\/p>\n","protected":false},"author":2,"featured_media":10733,"comment_status":"open","ping_status":"open","sticky":false,"template":"","format":"standard","meta":[],"categories":[57],"tags":[],"_links":{"self":[{"href":"https:\/\/pasaenmendoza.com\/index.php?rest_route=\/wp\/v2\/posts\/10732"}],"collection":[{"href":"https:\/\/pasaenmendoza.com\/index.php?rest_route=\/wp\/v2\/posts"}],"about":[{"href":"https:\/\/pasaenmendoza.com\/index.php?rest_route=\/wp\/v2\/types\/post"}],"author":[{"embeddable":true,"href":"https:\/\/pasaenmendoza.com\/index.php?rest_route=\/wp\/v2\/users\/2"}],"replies":[{"embeddable":true,"href":"https:\/\/pasaenmendoza.com\/index.php?rest_route=%2Fwp%2Fv2%2Fcomments&post=10732"}],"version-history":[{"count":2,"href":"https:\/\/pasaenmendoza.com\/index.php?rest_route=\/wp\/v2\/posts\/10732\/revisions"}],"predecessor-version":[{"id":10736,"href":"https:\/\/pasaenmendoza.com\/index.php?rest_route=\/wp\/v2\/posts\/10732\/revisions\/10736"}],"wp:featuredmedia":[{"embeddable":true,"href":"https:\/\/pasaenmendoza.com\/index.php?rest_route=\/wp\/v2\/media\/10733"}],"wp:attachment":[{"href":"https:\/\/pasaenmendoza.com\/index.php?rest_route=%2Fwp%2Fv2%2Fmedia&parent=10732"}],"wp:term":[{"taxonomy":"category","embeddable":true,"href":"https:\/\/pasaenmendoza.com\/index.php?rest_route=%2Fwp%2Fv2%2Fcategories&post=10732"},{"taxonomy":"post_tag","embeddable":true,"href":"https:\/\/pasaenmendoza.com\/index.php?rest_route=%2Fwp%2Fv2%2Ftags&post=10732"}],"curies":[{"name":"wp","href":"https:\/\/api.w.org\/{rel}","templated":true}]}}