{"id":10737,"date":"2024-12-24T13:39:02","date_gmt":"2024-12-24T12:39:02","guid":{"rendered":"https:\/\/pasaenmendoza.com\/?p=10737"},"modified":"2024-12-24T13:39:03","modified_gmt":"2024-12-24T12:39:03","slug":"el-tiempo-en-mendoza-baja-la-temperatura-este-martes-y-asi-estara-la-nochebuena","status":"publish","type":"post","link":"https:\/\/pasaenmendoza.com\/?p=10737","title":{"rendered":"El tiempo en Mendoza: baja la temperatura este martes y as\u00ed estar\u00e1 la Nochebuena"},"content":{"rendered":"\n<p><strong>La temperatura m\u00e1xima para este martes<\/strong>&nbsp;tendr\u00e1 una disminuci\u00f3n respecto del lunes y se acercar\u00e1 a los&nbsp;<strong>31 grados cent\u00edgrados<\/strong>.&nbsp;<strong>La m\u00ednima, en tanto, estar\u00e1 en los 22 grados.<\/strong><\/p>\n\n\n\n<p>El pron\u00f3stico para la&nbsp;<strong>Direcci\u00f3n de Contingencias Clim\u00e1ticas&nbsp;<\/strong>advirti\u00f3 que habr\u00e1 \u201c<em>tiempo bueno con descenso de la temperatura, cielo parcial nublado a poco nuboso, vientos moderados del sudeste<\/em>\u201c.<\/p>\n\n\n\n<p>En tanto, en el paso a Chile estar\u00e1 \u201c<em>parcialmente nublado en cordillera<\/em>\u201c.<\/p>\n\n\n\n<p><strong>Fuente: www.elsol.com.ar<\/strong><\/p>\n","protected":false},"excerpt":{"rendered":"<p>La temperatura m\u00e1xima para este martes&nbsp;tendr\u00e1 una disminuci\u00f3n respecto del lunes y se acercar\u00e1 a los&nbsp;31 grados cent\u00edgrados.&nbsp;La m\u00ednima, en tanto, estar\u00e1 en los 22 grados. El pron\u00f3stico para la&nbsp;Direcci\u00f3n de Contingencias Clim\u00e1ticas&nbsp;advirti\u00f3 que habr\u00e1 \u201ctiempo bueno con descenso de la temperatura, cielo parcial nublado a poco nuboso, vientos moderados del sudeste\u201c. En tanto, en [&hellip;]<\/p>\n","protected":false},"author":2,"featured_media":10738,"comment_status":"open","ping_status":"open","sticky":false,"template":"","format":"standard","meta":[],"categories":[52],"tags":[],"_links":{"self":[{"href":"https:\/\/pasaenmendoza.com\/index.php?rest_route=\/wp\/v2\/posts\/10737"}],"collection":[{"href":"https:\/\/pasaenmendoza.com\/index.php?rest_route=\/wp\/v2\/posts"}],"about":[{"href":"https:\/\/pasaenmendoza.com\/index.php?rest_route=\/wp\/v2\/types\/post"}],"author":[{"embeddable":true,"href":"https:\/\/pasaenmendoza.com\/index.php?rest_route=\/wp\/v2\/users\/2"}],"replies":[{"embeddable":true,"href":"https:\/\/pasaenmendoza.com\/index.php?rest_route=%2Fwp%2Fv2%2Fcomments&post=10737"}],"version-history":[{"count":1,"href":"https:\/\/pasaenmendoza.com\/index.php?rest_route=\/wp\/v2\/posts\/10737\/revisions"}],"predecessor-version":[{"id":10739,"href":"https:\/\/pasaenmendoza.com\/index.php?rest_route=\/wp\/v2\/posts\/10737\/revisions\/10739"}],"wp:featuredmedia":[{"embeddable":true,"href":"https:\/\/pasaenmendoza.com\/index.php?rest_route=\/wp\/v2\/media\/10738"}],"wp:attachment":[{"href":"https:\/\/pasaenmendoza.com\/index.php?rest_route=%2Fwp%2Fv2%2Fmedia&parent=10737"}],"wp:term":[{"taxonomy":"category","embeddable":true,"href":"https:\/\/pasaenmendoza.com\/index.php?rest_route=%2Fwp%2Fv2%2Fcategories&post=10737"},{"taxonomy":"post_tag","embeddable":true,"href":"https:\/\/pasaenmendoza.com\/index.php?rest_route=%2Fwp%2Fv2%2Ftags&post=10737"}],"curies":[{"name":"wp","href":"https:\/\/api.w.org\/{rel}","templated":true}]}}