{"id":10740,"date":"2024-12-24T13:44:17","date_gmt":"2024-12-24T12:44:17","guid":{"rendered":"https:\/\/pasaenmendoza.com\/?p=10740"},"modified":"2024-12-24T13:44:18","modified_gmt":"2024-12-24T12:44:18","slug":"brutal-agresion-un-joven-lucha-por-su-vida-tras-sufrir-tres-punaladas","status":"publish","type":"post","link":"https:\/\/pasaenmendoza.com\/?p=10740","title":{"rendered":"Brutal agresi\u00f3n: un joven lucha por su vida tras sufrir tres pu\u00f1aladas"},"content":{"rendered":"\n<p>Un joven de 18 a\u00f1os fue herido gravemente en el cuello y la espalda en la tarde del lunes, en un barrio de&nbsp;<strong>Maip\u00fa<\/strong>.&nbsp;<strong>El presunto agresor es un adolescente.<\/strong><\/p>\n\n\n\n<p>El hecho ocurri\u00f3 minutos despu\u00e9s de las 16.30 en la manzana G del barrio Malcayaes. Un llamado al 911 puso en alerta a una patrulla que se acerc\u00f3 al lugar.<\/p>\n\n\n\n<p>La primera reconstrucci\u00f3n dio cuenta de que el joven, identificado como Sebasti\u00e1n<br>Uriel Alessi Pereyra,\u00a0<strong>ten\u00eda una herida cortante en el cuelo y se encontraba en grave estado.<\/strong><\/p>\n\n\n\n<p>Posteriormente fue asistido por m\u00e9dicos del Servicio de Emergencias Coordinado, que diagnosticaron dos lesiones producidas por un arma blanca: a la mencionada del cuello,&nbsp;<strong>se le sum\u00f3 otra en el neumotorax<\/strong>. Y minutos m\u00e1s tarde, cuando era asistido en el Hospital Central, se not\u00f3 una tercera:&nbsp;<strong>una herida en zona cervical derecha<\/strong>.<\/p>\n\n\n\n<p>Los m\u00e9dicos del centro asistencial&nbsp;<strong>lograron estabilizarlo.<\/strong><\/p>\n\n\n\n<p>En tanto, el agresor fue identificado, pero es menor de edad.<\/p>\n\n\n\n<p>La causa de averiguaci\u00f3n por lesiones con arma blanca qued\u00f3 a cargo de la Oficina Fiscal N\u00b0 10.<\/p>\n\n\n\n<p><strong>Fuente: www.elsol.com.ar<\/strong><\/p>\n","protected":false},"excerpt":{"rendered":"<p>Un joven de 18 a\u00f1os fue herido gravemente en el cuello y la espalda en la tarde del lunes, en un barrio de&nbsp;Maip\u00fa.&nbsp;El presunto agresor es un adolescente. El hecho ocurri\u00f3 minutos despu\u00e9s de las 16.30 en la manzana G del barrio Malcayaes. Un llamado al 911 puso en alerta a una patrulla que se [&hellip;]<\/p>\n","protected":false},"author":2,"featured_media":10741,"comment_status":"open","ping_status":"open","sticky":false,"template":"","format":"standard","meta":[],"categories":[48],"tags":[],"_links":{"self":[{"href":"https:\/\/pasaenmendoza.com\/index.php?rest_route=\/wp\/v2\/posts\/10740"}],"collection":[{"href":"https:\/\/pasaenmendoza.com\/index.php?rest_route=\/wp\/v2\/posts"}],"about":[{"href":"https:\/\/pasaenmendoza.com\/index.php?rest_route=\/wp\/v2\/types\/post"}],"author":[{"embeddable":true,"href":"https:\/\/pasaenmendoza.com\/index.php?rest_route=\/wp\/v2\/users\/2"}],"replies":[{"embeddable":true,"href":"https:\/\/pasaenmendoza.com\/index.php?rest_route=%2Fwp%2Fv2%2Fcomments&post=10740"}],"version-history":[{"count":1,"href":"https:\/\/pasaenmendoza.com\/index.php?rest_route=\/wp\/v2\/posts\/10740\/revisions"}],"predecessor-version":[{"id":10742,"href":"https:\/\/pasaenmendoza.com\/index.php?rest_route=\/wp\/v2\/posts\/10740\/revisions\/10742"}],"wp:featuredmedia":[{"embeddable":true,"href":"https:\/\/pasaenmendoza.com\/index.php?rest_route=\/wp\/v2\/media\/10741"}],"wp:attachment":[{"href":"https:\/\/pasaenmendoza.com\/index.php?rest_route=%2Fwp%2Fv2%2Fmedia&parent=10740"}],"wp:term":[{"taxonomy":"category","embeddable":true,"href":"https:\/\/pasaenmendoza.com\/index.php?rest_route=%2Fwp%2Fv2%2Fcategories&post=10740"},{"taxonomy":"post_tag","embeddable":true,"href":"https:\/\/pasaenmendoza.com\/index.php?rest_route=%2Fwp%2Fv2%2Ftags&post=10740"}],"curies":[{"name":"wp","href":"https:\/\/api.w.org\/{rel}","templated":true}]}}