{"id":10749,"date":"2024-12-26T13:02:00","date_gmt":"2024-12-26T12:02:00","guid":{"rendered":"https:\/\/pasaenmendoza.com\/?p=10749"},"modified":"2024-12-26T13:02:01","modified_gmt":"2024-12-26T12:02:01","slug":"jueves-caluroso-asi-estara-el-tiempo-en-mendoza","status":"publish","type":"post","link":"https:\/\/pasaenmendoza.com\/?p=10749","title":{"rendered":"Jueves caluroso: as\u00ed estar\u00e1 el tiempo en Mendoza"},"content":{"rendered":"\n<p>Luego de la Navidad, en la que hubo un respiro en cuanto al estado del tiempo, Mendoza se prepara nuevamente para un aumento de la temperatura.<\/p>\n\n\n\n<p>Este jueves el pron\u00f3stico indica que ser\u00e1 una jornada calurosa y con poca nubosidad. La maxima ser\u00e1 de 35\u00b0C y la m\u00ednima de 21\u00b0.<\/p>\n\n\n\n<p>Por su parte, se espera que en la alta monta\u00f1a mendocina se registren precipitaciones.<\/p>\n\n\n\n<p>Para el d\u00eda viernes la temperatura subir\u00e1 a los 37\u00b0C por lo que se espera por otro d\u00eda de intenso calor en el Gran Mendoza. Alertan por la probabilidad de tormentas para el inicio del fin de semana.<\/p>\n\n\n\n<p><strong>Fuente: www.elsol.com.ar<\/strong><\/p>\n","protected":false},"excerpt":{"rendered":"<p>Luego de la Navidad, en la que hubo un respiro en cuanto al estado del tiempo, Mendoza se prepara nuevamente para un aumento de la temperatura. Este jueves el pron\u00f3stico indica que ser\u00e1 una jornada calurosa y con poca nubosidad. La maxima ser\u00e1 de 35\u00b0C y la m\u00ednima de 21\u00b0. Por su parte, se espera [&hellip;]<\/p>\n","protected":false},"author":2,"featured_media":10750,"comment_status":"open","ping_status":"open","sticky":false,"template":"","format":"standard","meta":[],"categories":[52],"tags":[],"_links":{"self":[{"href":"https:\/\/pasaenmendoza.com\/index.php?rest_route=\/wp\/v2\/posts\/10749"}],"collection":[{"href":"https:\/\/pasaenmendoza.com\/index.php?rest_route=\/wp\/v2\/posts"}],"about":[{"href":"https:\/\/pasaenmendoza.com\/index.php?rest_route=\/wp\/v2\/types\/post"}],"author":[{"embeddable":true,"href":"https:\/\/pasaenmendoza.com\/index.php?rest_route=\/wp\/v2\/users\/2"}],"replies":[{"embeddable":true,"href":"https:\/\/pasaenmendoza.com\/index.php?rest_route=%2Fwp%2Fv2%2Fcomments&post=10749"}],"version-history":[{"count":1,"href":"https:\/\/pasaenmendoza.com\/index.php?rest_route=\/wp\/v2\/posts\/10749\/revisions"}],"predecessor-version":[{"id":10751,"href":"https:\/\/pasaenmendoza.com\/index.php?rest_route=\/wp\/v2\/posts\/10749\/revisions\/10751"}],"wp:featuredmedia":[{"embeddable":true,"href":"https:\/\/pasaenmendoza.com\/index.php?rest_route=\/wp\/v2\/media\/10750"}],"wp:attachment":[{"href":"https:\/\/pasaenmendoza.com\/index.php?rest_route=%2Fwp%2Fv2%2Fmedia&parent=10749"}],"wp:term":[{"taxonomy":"category","embeddable":true,"href":"https:\/\/pasaenmendoza.com\/index.php?rest_route=%2Fwp%2Fv2%2Fcategories&post=10749"},{"taxonomy":"post_tag","embeddable":true,"href":"https:\/\/pasaenmendoza.com\/index.php?rest_route=%2Fwp%2Fv2%2Ftags&post=10749"}],"curies":[{"name":"wp","href":"https:\/\/api.w.org\/{rel}","templated":true}]}}