{"id":1075,"date":"2023-08-31T13:59:15","date_gmt":"2023-08-31T11:59:15","guid":{"rendered":"https:\/\/pasaenmendoza.com\/?p=1075"},"modified":"2023-08-31T13:59:16","modified_gmt":"2023-08-31T11:59:16","slug":"rto-item-aula-y-ciclovias-las-insolitas-discusiones-de-los-candidatos-a-gobernador-de-mendoza","status":"publish","type":"post","link":"https:\/\/pasaenmendoza.com\/?p=1075","title":{"rendered":"RTO, \u00edtem aula y ciclov\u00edas: las ins\u00f3litas discusiones de los candidatos a gobernador de Mendoza"},"content":{"rendered":"\n<p>Mientras Mendoza vive una crisis profunda, los candidatos discuten temas triviales y viejos como la RTO, el \u00edtem aula y las ciclov\u00edas.<\/p>\n\n\n\n<p>Los sem\u00e1foros comienzan a quedar intermitentes. La luna azul se transforma en noticia.\u00a0En la televisi\u00f3n el gobernador\u00a0<strong>Rodolfo Suarez\u00a0<\/strong>explica lo buena que es su gesti\u00f3n a pesar de la mediocre elecci\u00f3n que hizo su Frente y el d\u00eda parece apagarse. Pero no para todos. Uriel, de seis a\u00f1os,\u00a0y su abuela cruzan calle Huarpes con dos carros llenos de materiales reciclables; lo que pudieron rescatar de las bolsas de residuos de la Quinta Secci\u00f3n. Caminan lento, remontando la Ciudad hasta el barrio Parque Sur, del otro lado del zanj\u00f3n. Casi en c\u00e1mara lenta son cientos, miles de mendocinos que ganan la calle con sus carromatos porque encuentran all\u00ed la \u00faltima estrategia de supervivencia en una Mendoza que los excluye. &#8220;\u00c9l va a la escuela a la ma\u00f1ana y me acompa\u00f1a. Sacamos el d\u00eda&#8221;, dice la abuela, que aprovecha para descansar un poco. Uriel est\u00e1 tapado con un gorro y un cuello de polar. Le cuelga una mochila de ni\u00f1o, bolsas y arrastra un carro creado para llevar mercader\u00eda, pero reciclado como acopiador de cart\u00f3n. Est\u00e1 cansado.\u00a0<\/p>\n\n\n\n<p>Mendoza est\u00e1 en pleno plan de &#8220;elegir y ser elegidos&#8221;, en un proceso continuo de elecciones que ocurren\u00a0\u00a0en ese contexto. Sin embargo, el mismo d\u00eda en que Uriel tuvo que salir a la calle para ayudar a su familia, los que van a decidir sobre su futuro discutieron de manera encarnizada, con pasi\u00f3n, temas un tanto m\u00e1s banales. Gritan para determinar si Mendoza debe adherir o no a la\u00a0<strong>Revisi\u00f3n T\u00e9cnica Obligatoria\u00a0 (RTO)<\/strong>, una medida que en el orden de prioridades reales debe estar abajo del 100 y que no deber\u00eda llevar m\u00e1s de un minuto de gesti\u00f3n. Se trata solo de ver si los autos andan bien o no, con alg\u00fan grado de gasto in\u00fatil (pero no relevante al lado de otros gastos) y posiblemente alg\u00fan negocio lateral. Pero, de todos modos, es irrelevante para un gobernador que se transforme en debate para el futuro de Mendoza. Aunque\u00a0con esa sola consigna los candidatos creen empatizar.<\/p>\n\n\n\n<p>Al mismo tiempo, intendentes y candidatos se sacaron fotos con bicicletas pesadas y mal dise\u00f1adas, alardeando de los kil\u00f3metros de ciclov\u00edas que son construidas de manera absurda y por el solo hecho de que hab\u00eda financiamiento disponible. Paradojas de la vida: en la trasnoche de Mendoza, esa que los intendentes no ven, algunas de esas ciclov\u00edas son utilizadas por los cartoneros que arrastran sus carros.<\/p>\n\n\n\n<p>Tanto atrasa la agenda electoral, que se debate a\u00fan el \u00edtem aula, una medida tomada hace 8 a\u00f1os, que no tiene ninguna relevancia y que abarca una parte minoritaria del salario docente y, en ese sentido, una m\u00ednima parte de una pol\u00edtica educativa. En el mundo del rev\u00e9s, nadie habla de los &#8220;urieles&#8221;, es decir, de los verdaderos destinatarios de una pol\u00edtica educativa, que deber\u00edan ser los alumnos. Es el mismo mundo del rev\u00e9s en el que se hacen esfuerzos enormes para que los docentes no paguen boletos de colectivo, pero se retacean los abonos a los alumnos. Otra paradoja; los alumnos pobres cuyas madres pagan proporcionalmente m\u00e1s impuestos por el\u00a0IVA e Ingresos Brutos, subsidian el boleto de los maestros para que den clases en las escuelas a las que sus hijos no pueden ir. Mendoza va a discutir en la legislatura una pol\u00edtica de\u00a0hace 8 a\u00f1os. Es la misma &#8220;Casa de las Leyes&#8221; que no pudo dialogar para tener una ley de educaci\u00f3n.<\/p>\n\n\n\n<p>La campa\u00f1a electoral entr\u00f3 en la etapa emocional, que tambi\u00e9n es la m\u00e1s peligrosa. El nivel de discusi\u00f3n p\u00fablica y de profundidad de las propuestas ha ido en declive y con el espejo retrovisor. Por las dudas, habr\u00e1 que recordar que un 40% de la poblaci\u00f3n de Mendoza est\u00e1 marginada de las actividades formales, que viven en la pobreza y que hace una d\u00e9cada que no hay inversiones relevantes en la provincia, al punto de que hay un decrecimiento real del empleo privado registrado.<\/p>\n\n\n\n<p>FUENTE: Mdzonline.<\/p>\n","protected":false},"excerpt":{"rendered":"<p>Mientras Mendoza vive una crisis profunda, los candidatos discuten temas triviales y viejos como la RTO, el \u00edtem aula y las ciclov\u00edas. Los sem\u00e1foros comienzan a quedar intermitentes. La luna azul se transforma en noticia.\u00a0En la televisi\u00f3n el gobernador\u00a0Rodolfo Suarez\u00a0explica lo buena que es su gesti\u00f3n a pesar de la mediocre elecci\u00f3n que hizo su [&hellip;]<\/p>\n","protected":false},"author":2,"featured_media":1076,"comment_status":"open","ping_status":"open","sticky":true,"template":"","format":"standard","meta":[],"categories":[47],"tags":[],"_links":{"self":[{"href":"https:\/\/pasaenmendoza.com\/index.php?rest_route=\/wp\/v2\/posts\/1075"}],"collection":[{"href":"https:\/\/pasaenmendoza.com\/index.php?rest_route=\/wp\/v2\/posts"}],"about":[{"href":"https:\/\/pasaenmendoza.com\/index.php?rest_route=\/wp\/v2\/types\/post"}],"author":[{"embeddable":true,"href":"https:\/\/pasaenmendoza.com\/index.php?rest_route=\/wp\/v2\/users\/2"}],"replies":[{"embeddable":true,"href":"https:\/\/pasaenmendoza.com\/index.php?rest_route=%2Fwp%2Fv2%2Fcomments&post=1075"}],"version-history":[{"count":1,"href":"https:\/\/pasaenmendoza.com\/index.php?rest_route=\/wp\/v2\/posts\/1075\/revisions"}],"predecessor-version":[{"id":1077,"href":"https:\/\/pasaenmendoza.com\/index.php?rest_route=\/wp\/v2\/posts\/1075\/revisions\/1077"}],"wp:featuredmedia":[{"embeddable":true,"href":"https:\/\/pasaenmendoza.com\/index.php?rest_route=\/wp\/v2\/media\/1076"}],"wp:attachment":[{"href":"https:\/\/pasaenmendoza.com\/index.php?rest_route=%2Fwp%2Fv2%2Fmedia&parent=1075"}],"wp:term":[{"taxonomy":"category","embeddable":true,"href":"https:\/\/pasaenmendoza.com\/index.php?rest_route=%2Fwp%2Fv2%2Fcategories&post=1075"},{"taxonomy":"post_tag","embeddable":true,"href":"https:\/\/pasaenmendoza.com\/index.php?rest_route=%2Fwp%2Fv2%2Ftags&post=1075"}],"curies":[{"name":"wp","href":"https:\/\/api.w.org\/{rel}","templated":true}]}}