{"id":10759,"date":"2024-12-26T20:37:03","date_gmt":"2024-12-26T19:37:03","guid":{"rendered":"https:\/\/pasaenmendoza.com\/?p=10759"},"modified":"2024-12-26T20:37:04","modified_gmt":"2024-12-26T19:37:04","slug":"cayeron-dos-sospechosos-por-el-asesinato-de-isaias-y-ya-son-seis-los-detenidos","status":"publish","type":"post","link":"https:\/\/pasaenmendoza.com\/?p=10759","title":{"rendered":"Cayeron dos sospechosos por el asesinato\u00a0de Isa\u00edas y ya son seis los detenidos"},"content":{"rendered":"\n<p>El asesinato de\u00a0<strong>Isa\u00edas Benjam\u00edn Rivas,<\/strong>\u00a0el ni\u00f1o de 10 a\u00f1os que recibi\u00f3 un disparo letal en el pecho\u00a0mientras se encontraba en la puerta de su casa en la localidad de Los Corralitos, departamento de Guaymall\u00e9n,\u00a0<strong>ya tiene a seis sospechosos detenidos.<\/strong><\/p>\n\n\n\n<p><strong>Este jueves la Polic\u00eda captur\u00f3 a Cristian Pomar<\/strong>, presunto integrante de la banda narcocriminal que el domingo por la noche atac\u00f3 a tiros a un grupo de personas en el Loteo Jofr\u00e9.&nbsp;<strong>Isa\u00edas se encontraba acompa\u00f1ado por familiares<\/strong>&nbsp;cuando uno de los proyectiles impact\u00f3 fatalmente en su pecho.<\/p>\n\n\n\n<p>Horas m\u00e1s tarde se confirm\u00f3 la detenci\u00f3n del sexto sospechoso, identificado como\u00a0<strong>Leonardo Porras D\u00edaz<\/strong>. Este fue atrapado en un asentamiento.<\/p>\n\n\n\n<p><strong>Nahuel Agust\u00edn P\u00e9rez Cisterna<\/strong>, de 27 a\u00f1os y se\u00f1alado como jefe de una banda narco, fue capturado por efectivos de la Divisi\u00f3n Homicidios durante la madrugada de este lunes,\u00a0<strong>horas despu\u00e9s de la muerte del ni\u00f1o<\/strong>. Con pasado carcelario, cuando declar\u00f3 se deslig\u00f3 del hecho, asegurando que no hab\u00eda estado en la escena ni disparado un arma. Adem\u00e1s, apunt\u00f3 como autor a otro sujeto que tambi\u00e9n fue identificado por los testigos.<strong>\u00a0Sin embargo, su situaci\u00f3n procesal es complicada.<\/strong><\/p>\n\n\n\n<p>Con el paso de las horas, tambi\u00e9n fueron capturados&nbsp;<strong>los hermanos Octavio Nahuel (19) y Maximiliano Leonel Figueroa (23) y Melisa Mu\u00f1oz Figueroa (25)<\/strong>, quienes fueron apresados en los barrios Evelyn, Fuerza y Progreso y San Vicente III, respectivamente.<\/p>\n\n\n\n<p>El caso est\u00e1 a cargo de la fiscal de&nbsp;<strong>Homicidios Claudia R\u00edos<\/strong>, quien imput\u00f3 este martes por la ma\u00f1ana a los cuatro detenidos por el delito de&nbsp;<strong>homicidio agravado por el uso de arma de fuego en calidad de coautores<\/strong>.<\/p>\n\n\n\n<p>Este jueves,\u00a0<strong>los Pomar se sumaron al listado de sospechosos del crimen\u00a0<\/strong>que conmocion\u00f3 a la provincia. Fuentes de la investigaci\u00f3n indicaron que fue detenido luego de que su hermano se acercara a una comisar\u00eda a realizar una denuncia por amenazas.<\/p>\n\n\n\n<p>El asesinato del ni\u00f1o gener\u00f3 una fuerte reacci\u00f3n social.\u00a0<strong>Familiares de la v\u00edctima buscaron venganza y este mi\u00e9rcoles durante la madrugada<\/strong>, en medio de los festejos navide\u00f1os, tirotearon e incendiaron las viviendas de tres de los acusados de perpetrar el hecho de sangre.<\/p>\n\n\n\n<p>M\u00e1s de 10 movilidades con uniformados llegaron hasta la escena para intentar controlar la situaci\u00f3n. Los funcionarios a cargo de la investigaci\u00f3n solicitaron al Ministerio de Seguridad que reforzara la presencia policial en la zona,&nbsp;<strong>para evitar nuevos enfrentamientos.<\/strong><\/p>\n\n\n\n<h2 class=\"wp-block-heading\" id=\"h-el-caso\">El caso<\/h2>\n\n\n\n<p>La noche del domingo,\u00a0<strong>Isa\u00edas estaba en la puerta de su domicilio en el Loteo Jofr\u00e9 junto a familiares<\/strong>, buscando mejor se\u00f1al de WiFi y esperando un pedido de comida, cuando una r\u00e1faga de disparos sorprendi\u00f3 a los presentes.<\/p>\n\n\n\n<p>El ataque fue perpetrado por al menos\u00a0<strong>seis personas que se movilizaban en dos veh\u00edculos,<\/strong>\u00a0uno gris y otro negro. En uno de los rodados viajaba una mujer con detenci\u00f3n domiciliaria, agrega la instrucci\u00f3n.<\/p>\n\n\n\n<p><strong>Los agresores utilizaron armas de grueso calibre<\/strong>, entre ellas tres pistolas 9 mm, seg\u00fan confirmaron fuentes de la investigaci\u00f3n. Uno de los proyectiles impact\u00f3 en el pecho del menor, que fue trasladado inicialmente al Micro Hospital Puente de Hierro, donde una m\u00e9dica constat\u00f3 una herida de arma de fuego con orificio de entrada y salida en el costado izquierdo del t\u00f3rax.<\/p>\n\n\n\n<p>Dada la gravedad de las lesiones, el ni\u00f1o fue derivado de urgencia al\u00a0<strong>Hospital Notti\u00a0<\/strong>donde, pese a los esfuerzos m\u00e9dicos, se confirm\u00f3 su fallecimiento horas despu\u00e9s, durante la madrugada del lunes.<\/p>\n\n\n\n<p>Una de las principales hip\u00f3tesis del caso sostiene que el sangriento episodio est\u00e1 vinculado principalmente a&nbsp;<strong>una venganza por operativo antidrogas realizado en diciembre de 2023 en el barrio San Vicente III<\/strong>.<\/p>\n\n\n\n<p>Durante ese procedimiento,\u00a0<strong>la Polic\u00eda contra el Narcotr\u00e1fico detuvo a tres personas<\/strong>, decomis\u00f3 160 gramos de coca\u00edna, armas de fuego -incluyendo una pistola ametralladora-, municiones y m\u00e1s de un mill\u00f3n de pesos en efectivo.<\/p>\n\n\n\n<p><strong>Fuente: www.elsol.com.ar<\/strong><\/p>\n","protected":false},"excerpt":{"rendered":"<p>El asesinato de\u00a0Isa\u00edas Benjam\u00edn Rivas,\u00a0el ni\u00f1o de 10 a\u00f1os que recibi\u00f3 un disparo letal en el pecho\u00a0mientras se encontraba en la puerta de su casa en la localidad de Los Corralitos, departamento de Guaymall\u00e9n,\u00a0ya tiene a seis sospechosos detenidos. Este jueves la Polic\u00eda captur\u00f3 a Cristian Pomar, presunto integrante de la banda narcocriminal que el [&hellip;]<\/p>\n","protected":false},"author":2,"featured_media":10761,"comment_status":"open","ping_status":"open","sticky":false,"template":"","format":"standard","meta":[],"categories":[48],"tags":[],"_links":{"self":[{"href":"https:\/\/pasaenmendoza.com\/index.php?rest_route=\/wp\/v2\/posts\/10759"}],"collection":[{"href":"https:\/\/pasaenmendoza.com\/index.php?rest_route=\/wp\/v2\/posts"}],"about":[{"href":"https:\/\/pasaenmendoza.com\/index.php?rest_route=\/wp\/v2\/types\/post"}],"author":[{"embeddable":true,"href":"https:\/\/pasaenmendoza.com\/index.php?rest_route=\/wp\/v2\/users\/2"}],"replies":[{"embeddable":true,"href":"https:\/\/pasaenmendoza.com\/index.php?rest_route=%2Fwp%2Fv2%2Fcomments&post=10759"}],"version-history":[{"count":1,"href":"https:\/\/pasaenmendoza.com\/index.php?rest_route=\/wp\/v2\/posts\/10759\/revisions"}],"predecessor-version":[{"id":10762,"href":"https:\/\/pasaenmendoza.com\/index.php?rest_route=\/wp\/v2\/posts\/10759\/revisions\/10762"}],"wp:featuredmedia":[{"embeddable":true,"href":"https:\/\/pasaenmendoza.com\/index.php?rest_route=\/wp\/v2\/media\/10761"}],"wp:attachment":[{"href":"https:\/\/pasaenmendoza.com\/index.php?rest_route=%2Fwp%2Fv2%2Fmedia&parent=10759"}],"wp:term":[{"taxonomy":"category","embeddable":true,"href":"https:\/\/pasaenmendoza.com\/index.php?rest_route=%2Fwp%2Fv2%2Fcategories&post=10759"},{"taxonomy":"post_tag","embeddable":true,"href":"https:\/\/pasaenmendoza.com\/index.php?rest_route=%2Fwp%2Fv2%2Ftags&post=10759"}],"curies":[{"name":"wp","href":"https:\/\/api.w.org\/{rel}","templated":true}]}}