{"id":10767,"date":"2024-12-26T23:14:15","date_gmt":"2024-12-26T22:14:15","guid":{"rendered":"https:\/\/pasaenmendoza.com\/?p=10767"},"modified":"2024-12-26T23:14:16","modified_gmt":"2024-12-26T22:14:16","slug":"la-dge-y-la-uncuyo-acordaron-investigar-el-impacto-de-los-docentes-taxis-en-las-escuelas","status":"publish","type":"post","link":"https:\/\/pasaenmendoza.com\/?p=10767","title":{"rendered":"La DGE y la UNCuyo acordaron investigar el impacto de los &#8220;docentes taxis&#8221; en las escuelas"},"content":{"rendered":"\n<p>La\u00a0rotaci\u00f3n de los\u00a0<strong>docentes<\/strong>\u00a0por distintos establecimientos escolares es un tema que hace tiempo preocupa en Mendoza porque se entiende que esa situaci\u00f3n afecta a la calidad educativa. Esta cuesti\u00f3n -que incluso llev\u00f3 al Gobierno a impulsar una ley para incentivar en los educadores la posibilidad de que permanezcan en un solo colegio- ahora ser\u00e1 investigada y analizada por dos organismos institucionales.<\/p>\n\n\n\n<p>Se trata de la&nbsp;<strong>Direcci\u00f3n General de Escuelas (DGE)&nbsp;<\/strong>y la&nbsp;<strong>Universidad Nacional de Cuyo<\/strong>, que firmaron un convenio para realizar esa tarea en forma conjunta en el \u00e1mbito acad\u00e9mico. El acuerdo fue rubricado por el ministro de Educaci\u00f3n, Cultura, Infancias y DGE, Tadeo Garc\u00eda Zalazar, y la decana de la Facultad de Educaci\u00f3n, Ana Mar\u00eda Sisti.<\/p>\n\n\n\n<p>El mismo titular de la cartera educativa fue quien en noviembre\u00a0present\u00f3 en la Legislatura un proyecto de reforma\u00a0con tres leyes para &#8220;pagarles m\u00e1s a los\u00a0<strong>docentes<\/strong>&#8220;. En Mendoza, el porcentaje de permanencia de m\u00e1s de tres a\u00f1os de un docente en la misma escuela es apenas del 30%.<\/p>\n\n\n\n<h2 class=\"wp-block-heading\">El incentivo de arraigo para evitar la rotaci\u00f3n docente<\/h2>\n\n\n\n<p>Garc\u00eda Zalazar se\u00f1al\u00f3 al momento de presentar su propuesta que el incentivo de arraigo consiste en un 20% y 60% adicional sobre la asignaci\u00f3n base m\u00e1s&nbsp;<strong>estado docente<\/strong>. Eso se aplicar\u00eda en una escala progresiva a partir del segundo a\u00f1o de permanencia en la escuela y hasta los 6 a\u00f1os.<\/p>\n\n\n\n<p>En cuanto al convenio DGE-UNCuyo, los funcionarios explicaron -seg\u00fan indic\u00f3 el Gobierno- que &#8220;trabajar\u00e1n en forma coordinada en el an\u00e1lisis sobre rotaci\u00f3n y permanencia del&nbsp;<strong>personal docente<\/strong>&#8220;. Lo que har\u00e1n ser\u00e1n investigaciones y estudios en el \u00e1mbito acad\u00e9mico.<\/p>\n\n\n\n<p>Evaluar el impacto que esos factores tienen sobre la\u00a0<strong>calidad educativa<\/strong>\u00a0es el desaf\u00edo. Para ello est\u00e1 previsto comparar tendencias relacionadas con el tema en otros pa\u00edses.<\/p>\n\n\n\n<p><strong>Fuente: www.diariouno.com.ar<\/strong><\/p>\n","protected":false},"excerpt":{"rendered":"<p>La\u00a0rotaci\u00f3n de los\u00a0docentes\u00a0por distintos establecimientos escolares es un tema que hace tiempo preocupa en Mendoza porque se entiende que esa situaci\u00f3n afecta a la calidad educativa. Esta cuesti\u00f3n -que incluso llev\u00f3 al Gobierno a impulsar una ley para incentivar en los educadores la posibilidad de que permanezcan en un solo colegio- ahora ser\u00e1 investigada y [&hellip;]<\/p>\n","protected":false},"author":2,"featured_media":10768,"comment_status":"open","ping_status":"open","sticky":false,"template":"","format":"standard","meta":[],"categories":[56],"tags":[],"_links":{"self":[{"href":"https:\/\/pasaenmendoza.com\/index.php?rest_route=\/wp\/v2\/posts\/10767"}],"collection":[{"href":"https:\/\/pasaenmendoza.com\/index.php?rest_route=\/wp\/v2\/posts"}],"about":[{"href":"https:\/\/pasaenmendoza.com\/index.php?rest_route=\/wp\/v2\/types\/post"}],"author":[{"embeddable":true,"href":"https:\/\/pasaenmendoza.com\/index.php?rest_route=\/wp\/v2\/users\/2"}],"replies":[{"embeddable":true,"href":"https:\/\/pasaenmendoza.com\/index.php?rest_route=%2Fwp%2Fv2%2Fcomments&post=10767"}],"version-history":[{"count":1,"href":"https:\/\/pasaenmendoza.com\/index.php?rest_route=\/wp\/v2\/posts\/10767\/revisions"}],"predecessor-version":[{"id":10769,"href":"https:\/\/pasaenmendoza.com\/index.php?rest_route=\/wp\/v2\/posts\/10767\/revisions\/10769"}],"wp:featuredmedia":[{"embeddable":true,"href":"https:\/\/pasaenmendoza.com\/index.php?rest_route=\/wp\/v2\/media\/10768"}],"wp:attachment":[{"href":"https:\/\/pasaenmendoza.com\/index.php?rest_route=%2Fwp%2Fv2%2Fmedia&parent=10767"}],"wp:term":[{"taxonomy":"category","embeddable":true,"href":"https:\/\/pasaenmendoza.com\/index.php?rest_route=%2Fwp%2Fv2%2Fcategories&post=10767"},{"taxonomy":"post_tag","embeddable":true,"href":"https:\/\/pasaenmendoza.com\/index.php?rest_route=%2Fwp%2Fv2%2Ftags&post=10767"}],"curies":[{"name":"wp","href":"https:\/\/api.w.org\/{rel}","templated":true}]}}