{"id":10774,"date":"2024-12-26T23:27:56","date_gmt":"2024-12-26T22:27:56","guid":{"rendered":"https:\/\/pasaenmendoza.com\/?p=10774"},"modified":"2024-12-26T23:27:57","modified_gmt":"2024-12-26T22:27:57","slug":"javier-milei-se-reunio-con-3-diputados-mendocinos-del-bloque-de-la-ucr-en-casa-rosada","status":"publish","type":"post","link":"https:\/\/pasaenmendoza.com\/?p=10774","title":{"rendered":"Javier Milei se reuni\u00f3 con 3 diputados mendocinos del bloque de la UCR en Casa Rosada"},"content":{"rendered":"\n<p>El presidente\u00a0<strong>Javier Milei<\/strong>\u00a0recibi\u00f3 este jueves en Casa Rosada a varios de los diputados del bloque de la UCR. Entre los que dieron el presente a la convocatoria presidencial estuvieron los tres mendocinos,\u00a0<strong>Julio Cobos, Pamela Verasay y Lisandro Nieri<\/strong>.<\/p>\n\n\n\n<p>La reuni\u00f3n, de la que fue intermediario el presidente de la C\u00e1mara de Diputados, el riojano Mart\u00edn Menem, se concret\u00f3 pasado el mediod\u00eda y dur\u00f3 m\u00e1s de dos horas. Seg\u00fan los presentes,&nbsp;<strong>Javier Milei<\/strong>&nbsp;se dedic\u00f3 a escucharlos y respondi\u00f3 uno a uno los planteos que hicieron los radicales.<\/p>\n\n\n\n<p>Uno de los primeros en contar de la reuni\u00f3n, fue el presidente del bloque radical,\u00a0<strong>Rodrigo De Loredo<\/strong>, quien us\u00f3 su perfil de X para marcar que a\u00fan en las diferencias que pudieran tener con La Libertad Avanza, en el a\u00f1o que termina ese bloque contribuy\u00f3 a que &#8220;el gobierno disponga de herramientas valiosas y necesarias para lograr reformas y estabilidad econ\u00f3mica\u201d.<\/p>\n\n\n\n<p>Pero pasada la reuni\u00f3n con&nbsp;<strong>Javier Milei<\/strong>, fue Julio Cobos quien cont\u00f3 el tenor del encuentro.<\/p>\n\n\n\n<p>&#8220;Nos agradeci\u00f3 que hayamos colaborado con leyes claves, m\u00e1s all\u00e1 de nuestras diferencias y nos dio un panorama del avance de la econom\u00eda. Seg\u00fan sus c\u00e1lculos el a\u00f1o va a terminar con un&nbsp;<strong>crecimiento del 4,5% del PBI<\/strong>&#8220;, comenz\u00f3 contando el mendocino.<\/p>\n\n\n\n<h2 class=\"wp-block-heading\">Los reclamos que le llevaron a Javier Milei los diputados radicales<\/h2>\n\n\n\n<p>En ese mano a mano, los legisladores habr\u00edan coincidido en reconocerle a&nbsp;<strong>Javier Milei<\/strong>&nbsp;el logro de haber bajado la inflaci\u00f3n y algunos aciertos en materia de seguridad, sobre todo por ponerle fin a los continuos piquetes en Buenos Aires, pero tambi\u00e9n se guardaron pedidos y planteos puntuales.<\/p>\n\n\n\n<p>&#8220;En materia de infraestructura, yo insist\u00ed con el\u00a0estado de la\u00a0<strong>Ruta Nacional 7<\/strong>\u00a0que es deplorable, y le marqu\u00e9 que deber\u00eda aprovechar la emergencia en infraestructura para acelerar los procesos licitatorios, que seg\u00fan la informaci\u00f3n que tenemos se dar\u00edan reci\u00e9n para marzo. Nos dijo que eso est\u00e1 en estudio y que eval\u00faa como acelerarlo&#8221;, cont\u00f3 Julio Cobos.<\/p>\n\n\n\n<p>Adem\u00e1s de ese reclamo, los mendocinos tambi\u00e9n habr\u00edan consultado por la posibilidad de avanzar con un r\u00e9gimen&nbsp;<strong>RIGI para peque\u00f1as y medianas empresas<\/strong>&nbsp;y tambi\u00e9n por la posibilidad de retomar el debate por la&nbsp;<strong>Ficha Limpia<\/strong>, algo que fracas\u00f3 en las \u00faltimas sesiones del Congreso.<\/p>\n\n\n\n<p>&#8220;La respuesta de Milei fue que le ha encomendado a Luis Petri y a otros dirigentes delinear ese proyecto, obviamente incluyendo mucho del proyecto de la diputada Silvia Lospenato (PRO).<\/p>\n\n\n\n<p>En la reuni\u00f3n, el mismo Milei insisti\u00f3 en que su idea es que el propio proyecto de Ficha Limpia libertario incluya varios delitos m\u00e1s adem\u00e1s de los de corrupci\u00f3n.<\/p>\n\n\n\n<p>Tanto Cobos, como el resto de los diputados radicales asegur\u00f3 que aunque la reuni\u00f3n fue larga y pudieron plantear varios temas pendientes, no se habl\u00f3 de posibles alianzas electorales: Eso fue una especulaci\u00f3n de un pu\u00f1ado de oportunistas&#8221;, desliz\u00f3 un legislador presente.<\/p>\n\n\n\n<p><strong>Fuente: www.diariouno.com.ar<\/strong><\/p>\n","protected":false},"excerpt":{"rendered":"<p>El presidente\u00a0Javier Milei\u00a0recibi\u00f3 este jueves en Casa Rosada a varios de los diputados del bloque de la UCR. Entre los que dieron el presente a la convocatoria presidencial estuvieron los tres mendocinos,\u00a0Julio Cobos, Pamela Verasay y Lisandro Nieri. La reuni\u00f3n, de la que fue intermediario el presidente de la C\u00e1mara de Diputados, el riojano Mart\u00edn [&hellip;]<\/p>\n","protected":false},"author":2,"featured_media":10775,"comment_status":"open","ping_status":"open","sticky":false,"template":"","format":"standard","meta":[],"categories":[47],"tags":[],"_links":{"self":[{"href":"https:\/\/pasaenmendoza.com\/index.php?rest_route=\/wp\/v2\/posts\/10774"}],"collection":[{"href":"https:\/\/pasaenmendoza.com\/index.php?rest_route=\/wp\/v2\/posts"}],"about":[{"href":"https:\/\/pasaenmendoza.com\/index.php?rest_route=\/wp\/v2\/types\/post"}],"author":[{"embeddable":true,"href":"https:\/\/pasaenmendoza.com\/index.php?rest_route=\/wp\/v2\/users\/2"}],"replies":[{"embeddable":true,"href":"https:\/\/pasaenmendoza.com\/index.php?rest_route=%2Fwp%2Fv2%2Fcomments&post=10774"}],"version-history":[{"count":1,"href":"https:\/\/pasaenmendoza.com\/index.php?rest_route=\/wp\/v2\/posts\/10774\/revisions"}],"predecessor-version":[{"id":10776,"href":"https:\/\/pasaenmendoza.com\/index.php?rest_route=\/wp\/v2\/posts\/10774\/revisions\/10776"}],"wp:featuredmedia":[{"embeddable":true,"href":"https:\/\/pasaenmendoza.com\/index.php?rest_route=\/wp\/v2\/media\/10775"}],"wp:attachment":[{"href":"https:\/\/pasaenmendoza.com\/index.php?rest_route=%2Fwp%2Fv2%2Fmedia&parent=10774"}],"wp:term":[{"taxonomy":"category","embeddable":true,"href":"https:\/\/pasaenmendoza.com\/index.php?rest_route=%2Fwp%2Fv2%2Fcategories&post=10774"},{"taxonomy":"post_tag","embeddable":true,"href":"https:\/\/pasaenmendoza.com\/index.php?rest_route=%2Fwp%2Fv2%2Ftags&post=10774"}],"curies":[{"name":"wp","href":"https:\/\/api.w.org\/{rel}","templated":true}]}}